{"id":70836,"date":"2024-09-09T19:27:32","date_gmt":"2024-09-09T23:27:32","guid":{"rendered":"https:\/\/ahoramasrd.com.do\/?p=70836"},"modified":"2024-09-09T19:27:33","modified_gmt":"2024-09-09T23:27:33","slug":"el-pais-registro-una-inflacion-de-3-42-en-el-ultimo-ano","status":"publish","type":"post","link":"https:\/\/ahoramasrd.com.do\/?p=70836","title":{"rendered":"El pa\u00eds registr\u00f3 una inflaci\u00f3n de 3.42 % en el \u00faltimo a\u00f1o"},"content":{"rendered":"\n<p>Santo Domingo, 9 sep (EFE).- El \u00edndice de precios al consumidor (IPC) en la Rep\u00fablica Dominicana fue de 0.40 % en agosto, ubicando la inflaci\u00f3n de los \u00faltimos doce meses en el 3.42 %, inform\u00f3 este lunes el Banco Central (BCRD).<\/p>\n\n\n\n<p>Con este comportamiento, la inflaci\u00f3n se mantiene entre el l\u00edmite inferior y el centro del rango meta de 4.0 % \u00b1 1.0 % por noveno mes consecutivo desde diciembre de 2023, y Rep\u00fablica Dominicana se coloca entre los pa\u00edses de menor inflaci\u00f3n de Am\u00e9rica Latina, excluyendo las econom\u00edas dolarizadas (Panam\u00e1, Ecuador y El Salvador).<\/p>\n\n\n\n<p>En un comunicado, el ente emisor inform\u00f3, adem\u00e1s, de que la inflaci\u00f3n subyacente de los \u00faltimos doce meses se situ\u00f3 en 4.05 % al cierre del mes de agosto, permaneciendo \u201cen torno al centro del objetivo establecido por la instituci\u00f3n\u201d.<\/p>\n\n\n\n<p>Este indicador \u201cpermite extraer se\u00f1ales m\u00e1s claras para la conducci\u00f3n de la pol\u00edtica monetaria, debido a que excluye algunos art\u00edculos que normalmente no responden a las condiciones de liquidez en la econom\u00eda\u201d, como son los alimentos con gran variabilidad en sus precios, los combustibles y servicios con precios regulados como la tarifa el\u00e9ctrica, el transporte, adem\u00e1s de las bebidas alcoh\u00f3licas y el tabaco, agreg\u00f3.<\/p>\n\n\n\n<p>El Banco Central se\u00f1al\u00f3 que con este comportamiento de una inflaci\u00f3n interanual de 3.42 % en agosto 2024, la Rep\u00fablica Dominicana se encontrar\u00eda entre los pa\u00edses de menor inflaci\u00f3n de Am\u00e9rica Latina, excluyendo las econom\u00edas de Panam\u00e1, Ecuador y El Salvador, donde el d\u00f3lar es la moneda local.<\/p>\n","protected":false},"excerpt":{"rendered":"<p>Santo Domingo, 9 sep (EFE).- El \u00edndice de precios al consumidor (IPC) en la Rep\u00fablica Dominicana fue de 0.40 % en agosto, ubicando la inflaci\u00f3n de los \u00faltimos doce meses en el 3.42 %, inform\u00f3 este lunes el Banco Central (BCRD). Con este comportamiento, la inflaci\u00f3n se mantiene entre el l\u00edmite inferior y el centro [&hellip;]<\/p>\n","protected":false},"author":2,"featured_media":70837,"comment_status":"open","ping_status":"open","sticky":false,"template":"","format":"standard","meta":{"footnotes":""},"categories":[44],"tags":[845,939,58],"class_list":{"0":"post-70836","1":"post","2":"type-post","3":"status-publish","4":"format-standard","5":"has-post-thumbnail","7":"category-actualidad","8":"tag-ahora-mas-rd","9":"tag-cada-minuto-una-verdad","10":"tag-republica-dominicana"},"aioseo_notices":[],"amp_enabled":true,"_links":{"self":[{"href":"https:\/\/ahoramasrd.com.do\/index.php?rest_route=\/wp\/v2\/posts\/70836","targetHints":{"allow":["GET"]}}],"collection":[{"href":"https:\/\/ahoramasrd.com.do\/index.php?rest_route=\/wp\/v2\/posts"}],"about":[{"href":"https:\/\/ahoramasrd.com.do\/index.php?rest_route=\/wp\/v2\/types\/post"}],"author":[{"embeddable":true,"href":"https:\/\/ahoramasrd.com.do\/index.php?rest_route=\/wp\/v2\/users\/2"}],"replies":[{"embeddable":true,"href":"https:\/\/ahoramasrd.com.do\/index.php?rest_route=%2Fwp%2Fv2%2Fcomments&post=70836"}],"version-history":[{"count":0,"href":"https:\/\/ahoramasrd.com.do\/index.php?rest_route=\/wp\/v2\/posts\/70836\/revisions"}],"wp:featuredmedia":[{"embeddable":true,"href":"https:\/\/ahoramasrd.com.do\/index.php?rest_route=\/"}],"wp:attachment":[{"href":"https:\/\/ahoramasrd.com.do\/index.php?rest_route=%2Fwp%2Fv2%2Fmedia&parent=70836"}],"wp:term":[{"taxonomy":"category","embeddable":true,"href":"https:\/\/ahoramasrd.com.do\/index.php?rest_route=%2Fwp%2Fv2%2Fcategories&post=70836"},{"taxonomy":"post_tag","embeddable":true,"href":"https:\/\/ahoramasrd.com.do\/index.php?rest_route=%2Fwp%2Fv2%2Ftags&post=70836"}],"curies":[{"name":"wp","href":"https:\/\/api.w.org\/{rel}","templated":true}]}}