{"id":70845,"date":"2024-09-10T16:17:23","date_gmt":"2024-09-10T20:17:23","guid":{"rendered":"https:\/\/ahoramasrd.com.do\/?p=70845"},"modified":"2024-09-10T16:17:24","modified_gmt":"2024-09-10T20:17:24","slug":"eugenio-cedeno-dice-reducir-la-cantidad-de-diputados-es-completamente-innecesario","status":"publish","type":"post","link":"https:\/\/ahoramasrd.com.do\/?p=70845","title":{"rendered":"Eugenio Cede\u00f1o dice reducir la cantidad de diputados es \"completamente innecesario\""},"content":{"rendered":"\n<p>El diputado del Partido Revolucionario Moderno por la provincia La Romana, Eugenio Cede\u00f1o, dijo este martes que es completamente innecesario reducir la matr\u00edcula que tiene la C\u00e1mara de Diputados, como parte de la pieza de reforma constitucional del presidente Luis Abinader.<\/p>\n\n\n\n<p>\u201cReducir la cantidad de diputados es completamente innecesario, eso no aporta nada. Lo \u00fanico que nosotros pedimos es flexibilidad en el tema de reducir la cantidad de diputados\u201d, sostuvo.<\/p>\n\n\n\n<p>El diputado del PRM se\u00f1al\u00f3, hay un sentir en la sociedad de que no se reduzca la matricula de diputados porque no aportar\u00e1 en nada.<\/p>\n\n\n\n<p>\u201cYo no estoy de acuerdo que no se reduzcan ninguno. Y qu\u00e9 se resuelve con 15 y 10 diputados menos\u201d, expres\u00f3.<\/p>\n\n\n\n<p>Por otra parte Cede\u00f1o agreg\u00f3 que apoyar\u00e1 el proyecto de reforma constitucional presentado por el presidente de la Rep\u00fablica, Luis Abinader.<\/p>\n\n\n\n<p>Se recuerda que el presidente Luis Abinader someti\u00f3 a la consideraci\u00f3n del Congreso Nacional el proyecto de ley que declara la necesidad de la reforma constitucional y, en consecuencia, ordena la reuni\u00f3n de la Asamblea Nacional Revisora.<\/p>\n\n\n\n<p>La iniciativa del presidente fue entregada al presidente del Senado de la Rep\u00fablica, se\u00f1or Ricardo de los Santos, por el consultor jur\u00eddico del Poder Ejecutivo, Antoliano Peralta.<\/p>\n","protected":false},"excerpt":{"rendered":"<p>El diputado del Partido Revolucionario Moderno por la provincia La Romana, Eugenio Cede\u00f1o, dijo este martes que es completamente innecesario reducir la matr\u00edcula que tiene la C\u00e1mara de Diputados, como parte de la pieza de reforma constitucional del presidente Luis Abinader. \u201cReducir la cantidad de diputados es completamente innecesario, eso no aporta nada. Lo \u00fanico [&hellip;]<\/p>\n","protected":false},"author":2,"featured_media":70846,"comment_status":"open","ping_status":"open","sticky":false,"template":"","format":"standard","meta":{"footnotes":""},"categories":[44],"tags":[845,939,58],"class_list":{"0":"post-70845","1":"post","2":"type-post","3":"status-publish","4":"format-standard","5":"has-post-thumbnail","7":"category-actualidad","8":"tag-ahora-mas-rd","9":"tag-cada-minuto-una-verdad","10":"tag-republica-dominicana"},"aioseo_notices":[],"amp_enabled":true,"_links":{"self":[{"href":"https:\/\/ahoramasrd.com.do\/index.php?rest_route=\/wp\/v2\/posts\/70845","targetHints":{"allow":["GET"]}}],"collection":[{"href":"https:\/\/ahoramasrd.com.do\/index.php?rest_route=\/wp\/v2\/posts"}],"about":[{"href":"https:\/\/ahoramasrd.com.do\/index.php?rest_route=\/wp\/v2\/types\/post"}],"author":[{"embeddable":true,"href":"https:\/\/ahoramasrd.com.do\/index.php?rest_route=\/wp\/v2\/users\/2"}],"replies":[{"embeddable":true,"href":"https:\/\/ahoramasrd.com.do\/index.php?rest_route=%2Fwp%2Fv2%2Fcomments&post=70845"}],"version-history":[{"count":0,"href":"https:\/\/ahoramasrd.com.do\/index.php?rest_route=\/wp\/v2\/posts\/70845\/revisions"}],"wp:featuredmedia":[{"embeddable":true,"href":"https:\/\/ahoramasrd.com.do\/index.php?rest_route=\/"}],"wp:attachment":[{"href":"https:\/\/ahoramasrd.com.do\/index.php?rest_route=%2Fwp%2Fv2%2Fmedia&parent=70845"}],"wp:term":[{"taxonomy":"category","embeddable":true,"href":"https:\/\/ahoramasrd.com.do\/index.php?rest_route=%2Fwp%2Fv2%2Fcategories&post=70845"},{"taxonomy":"post_tag","embeddable":true,"href":"https:\/\/ahoramasrd.com.do\/index.php?rest_route=%2Fwp%2Fv2%2Ftags&post=70845"}],"curies":[{"name":"wp","href":"https:\/\/api.w.org\/{rel}","templated":true}]}}