{"id":70851,"date":"2024-09-10T17:10:42","date_gmt":"2024-09-10T21:10:42","guid":{"rendered":"https:\/\/ahoramasrd.com.do\/?p=70851"},"modified":"2024-09-10T17:10:43","modified_gmt":"2024-09-10T21:10:43","slug":"protesta-en-las-carreras-peravia-por-paralizacion-de-construccion-de-escuela-basica","status":"publish","type":"post","link":"https:\/\/ahoramasrd.com.do\/?p=70851","title":{"rendered":"Protesta en Las Carreras, Peravia, por paralizaci\u00f3n de construcci\u00f3n de escuela b\u00e1sica"},"content":{"rendered":"\n<p>Las Carreras, Provincia Peravia \u2014 Un grupo de residentes de la comunidad de Las Carreras se manifestaron este martes exigiendo la reactivaci\u00f3n de los trabajos de construcci\u00f3n de la Escuela B\u00e1sica \u201cLas Carreras\u201d, que han estado paralizados durante aproximadamente cuatro meses.<\/p>\n\n\n\n<p>Los padres y alumnos de la comunidad tomaron las calles, cerrando v\u00edas con la quema de gomas y lanzando consignas para hacer un llamado urgente a las autoridades educativas.<\/p>\n\n\n\n<p>RC Noticias intent\u00f3 comunicarse con la directora de la escuela, Maribel Soto, quien se encontraba en una reuni\u00f3n y remiti\u00f3 a otro contacto para brindar declaraciones. Sin embargo, fuentes cercanas al proyecto informaron que la construcci\u00f3n ha estado parada por m\u00e1s de un a\u00f1o, y que las razones para la paralizaci\u00f3n son consideradas injustificables por la comunidad.<\/p>\n\n\n\n<p>Ante la falta de respuesta de las autoridades, los residentes hab\u00edan advertido previamente que llevar\u00edan a cabo acciones de protesta si no se atend\u00eda su solicitud, y han cumplido con su amenaza.<\/p>\n\n\n\n<p>La comunidad espera que las autoridades tomen en serio sus demandas y retomen de inmediato los trabajos en la escuela.<\/p>\n","protected":false},"excerpt":{"rendered":"<p>Las Carreras, Provincia Peravia \u2014 Un grupo de residentes de la comunidad de Las Carreras se manifestaron este martes exigiendo la reactivaci\u00f3n de los trabajos de construcci\u00f3n de la Escuela B\u00e1sica \u201cLas Carreras\u201d, que han estado paralizados durante aproximadamente cuatro meses. Los padres y alumnos de la comunidad tomaron las calles, cerrando v\u00edas con la [&hellip;]<\/p>\n","protected":false},"author":2,"featured_media":70852,"comment_status":"open","ping_status":"open","sticky":false,"template":"","format":"standard","meta":{"footnotes":""},"categories":[44],"tags":[845,939,58],"class_list":{"0":"post-70851","1":"post","2":"type-post","3":"status-publish","4":"format-standard","5":"has-post-thumbnail","7":"category-actualidad","8":"tag-ahora-mas-rd","9":"tag-cada-minuto-una-verdad","10":"tag-republica-dominicana"},"aioseo_notices":[],"amp_enabled":true,"_links":{"self":[{"href":"https:\/\/ahoramasrd.com.do\/index.php?rest_route=\/wp\/v2\/posts\/70851","targetHints":{"allow":["GET"]}}],"collection":[{"href":"https:\/\/ahoramasrd.com.do\/index.php?rest_route=\/wp\/v2\/posts"}],"about":[{"href":"https:\/\/ahoramasrd.com.do\/index.php?rest_route=\/wp\/v2\/types\/post"}],"author":[{"embeddable":true,"href":"https:\/\/ahoramasrd.com.do\/index.php?rest_route=\/wp\/v2\/users\/2"}],"replies":[{"embeddable":true,"href":"https:\/\/ahoramasrd.com.do\/index.php?rest_route=%2Fwp%2Fv2%2Fcomments&post=70851"}],"version-history":[{"count":0,"href":"https:\/\/ahoramasrd.com.do\/index.php?rest_route=\/wp\/v2\/posts\/70851\/revisions"}],"wp:featuredmedia":[{"embeddable":true,"href":"https:\/\/ahoramasrd.com.do\/index.php?rest_route=\/"}],"wp:attachment":[{"href":"https:\/\/ahoramasrd.com.do\/index.php?rest_route=%2Fwp%2Fv2%2Fmedia&parent=70851"}],"wp:term":[{"taxonomy":"category","embeddable":true,"href":"https:\/\/ahoramasrd.com.do\/index.php?rest_route=%2Fwp%2Fv2%2Fcategories&post=70851"},{"taxonomy":"post_tag","embeddable":true,"href":"https:\/\/ahoramasrd.com.do\/index.php?rest_route=%2Fwp%2Fv2%2Ftags&post=70851"}],"curies":[{"name":"wp","href":"https:\/\/api.w.org\/{rel}","templated":true}]}}