{"id":70872,"date":"2024-09-11T16:37:53","date_gmt":"2024-09-11T20:37:53","guid":{"rendered":"https:\/\/ahoramasrd.com.do\/?p=70872"},"modified":"2024-09-11T16:37:54","modified_gmt":"2024-09-11T20:37:54","slug":"luisito-comunica-dice-que-lo-trataron-de-una-manera-muy-brusca-y-agresiva-en-metro-sd","status":"publish","type":"post","link":"https:\/\/ahoramasrd.com.do\/?p=70872","title":{"rendered":"Luisito Comunica dice que lo trataron de una manera \u201cmuy brusca y agresiva\u201d en Metro SD"},"content":{"rendered":"\n<p>Santo Domingo. \u2013 \u00abTodo bien, no m\u00e1s nos agarr\u00f3 la poli, pero escal\u00f3 a un nivel que yo no me imaginaba\u2026 es que sac\u00f3 la macana y todo\u00bb, expres\u00f3 el influencer Luisito Comunica tras ser detenido en el Metro de Santo Domingo por grabar dentro de las instalaciones.<\/p>\n\n\n\n<p>El youtuber mexicano con m\u00e1s de 40 millones de suscriptores en Youtube fue esposado y amenazado con una macana por los agentes del Cuerpo Especializado para la Seguridad del Metro (Cesmet), situaci\u00f3n que calific\u00f3 como \u00abmuy brusca y agresiva\u00bb por parte de las autoridades.<\/p>\n\n\n\n<blockquote class=\"instagram-media\" data-instgrm-captioned data-instgrm-permalink=\"https:\/\/www.instagram.com\/reel\/C_yAoN5paf7\/?utm_source=ig_embed&amp;utm_campaign=loading\" data-instgrm-version=\"14\" style=\"background:#FFF;border:0;border-radius:3px;margin: 1px;max-width:540px;min-width:326px;padding:0;width:99.375%;width:-webkit-calc(100% - 2px);width:calc(100% - 2px)\"><div style=\"padding:16px\"> <a href=\"https:\/\/www.instagram.com\/reel\/C_yAoN5paf7\/?utm_source=ig_embed&amp;utm_campaign=loading\" style=\"background:#FFFFFF;line-height:0;padding:0 0;text-align:center;text-decoration:none;width:100%\" target=\"_blank\" rel=\"noopener\"> <div style=\"flex-direction: row;align-items: center\"> <div style=\"background-color: #F4F4F4;border-radius: 50%;flex-grow: 0;height: 40px;margin-right: 14px;width: 40px\"><\/div> <div style=\"flex-direction: column;flex-grow: 1;justify-content: center\"> <div style=\"background-color: #F4F4F4;border-radius: 4px;flex-grow: 0;height: 14px;margin-bottom: 6px;width: 100px\"><\/div> <div style=\"background-color: #F4F4F4;border-radius: 4px;flex-grow: 0;height: 14px;width: 60px\"><\/div><\/div><\/div><div style=\"padding: 19% 0\"><\/div> <div style=\"height:50px;margin:0 auto 12px;width:50px\"><\/div><div style=\"padding-top: 8px\"> <div style=\"color:#3897f0;font-family:Arial,sans-serif;font-size:14px;font-style:normal;font-weight:550;line-height:18px\">Ver esta publicaci\u00f3n en Instagram<\/div><\/div><div style=\"padding: 12.5% 0\"><\/div> <div style=\"flex-direction: row;margin-bottom: 14px;align-items: center\"><div> <div style=\"background-color: #F4F4F4;border-radius: 50%;height: 12.5px;width: 12.5px\"><\/div> <div style=\"background-color: #F4F4F4;height: 12.5px;width: 12.5px;flex-grow: 0;margin-right: 14px;margin-left: 2px\"><\/div> <div style=\"background-color: #F4F4F4;border-radius: 50%;height: 12.5px;width: 12.5px\"><\/div><\/div><div style=\"margin-left: 8px\"> <div style=\"background-color: #F4F4F4;border-radius: 50%;flex-grow: 0;height: 20px;width: 20px\"><\/div> <div style=\"width: 0;height: 0;border-top: 2px solid transparent;border-left: 6px solid #f4f4f4;border-bottom: 2px solid transparent\"><\/div><\/div><div style=\"margin-left: auto\"> <div style=\"width: 0px;border-top: 8px solid #F4F4F4;border-right: 8px solid transparent\"><\/div> <div style=\"background-color: #F4F4F4;flex-grow: 0;height: 12px;width: 16px\"><\/div> <div style=\"width: 0;height: 0;border-top: 8px solid #F4F4F4;border-left: 8px solid transparent\"><\/div><\/div><\/div> <div style=\"flex-direction: column;flex-grow: 1;justify-content: center;margin-bottom: 24px\"> <div style=\"background-color: #F4F4F4;border-radius: 4px;flex-grow: 0;height: 14px;margin-bottom: 6px;width: 224px\"><\/div> <div style=\"background-color: #F4F4F4;border-radius: 4px;flex-grow: 0;height: 14px;width: 144px\"><\/div><\/div><\/a><p style=\"color:#c9c8cd;font-family:Arial,sans-serif;font-size:14px;line-height:17px;margin-bottom:0;margin-top:8px;overflow:hidden;padding:8px 0 7px;text-align:center\"><a href=\"https:\/\/www.instagram.com\/reel\/C_yAoN5paf7\/?utm_source=ig_embed&amp;utm_campaign=loading\" style=\"color:#c9c8cd;font-family:Arial,sans-serif;font-size:14px;font-style:normal;font-weight:normal;line-height:17px;text-decoration:none\" target=\"_blank\" rel=\"noopener\">Una publicaci\u00f3n compartida de Jos\u00e9 Castillo | Viajes en Rep\u00fablica Dominicana (@aquamanrd)<\/a><\/p><\/div><\/blockquote>\n\n\n\n\n<p>As\u00ed lo manifest\u00f3 a trav\u00e9s de un audiovisual publicado por Jos\u00e9 Castillo, conocido como AquamanRD, con quien iba acompa\u00f1ado al momento del hecho.<\/p>\n\n\n\n<p>En el video Castillo cont\u00f3 que, desde el lunes, Luisito ha visitado diversos lugares tur\u00edsticos del pa\u00eds, incluida la Zona Colonial, junto a un gu\u00eda tur\u00edstico certificado del Ministerio de Turismo, y al ver el Metro le dio curiosidad por conocerlo.<\/p>\n\n\n\n<p>En cuanto a la Opret, inform\u00f3 mediante un comunicado que el influencer y sus acompa\u00f1antes no contaban con los permisos necesarios para realizar grabaciones en las instalaciones, tal como lo requieren sus normativas de seguridad.<\/p>\n\n\n\n<p>\u00abAl notar su presencia y la actividad que estaban realizando, fueron abordados por el personal del Cuerpo Especializado para la Seguridad del Metro (CESMET) para verificar la situaci\u00f3n. Luego de las verificaciones correspondientes, se les permiti\u00f3 continuar con su trabajo, aunque Luisito Comunica decidi\u00f3 no seguir con las grabaciones en ese momento.<\/p>\n\n\n\n<p>Aprovechamos esta oportunidad para darle la bienvenida a la Rep\u00fablica Dominicana y reafirmar que la OPRET siempre est\u00e1 dispuesta a facilitar el trabajo de quienes, como \u00e9l, muestran lo mejor de los pa\u00edses que visitan. Para tales fines, como responsables de las operaciones del Metro, nos ponemos a su entera disposici\u00f3n\u00bb, dice el comunicado.<\/p>\n","protected":false},"excerpt":{"rendered":"<p>Santo Domingo. \u2013 \u00abTodo bien, no m\u00e1s nos agarr\u00f3 la poli, pero escal\u00f3 a un nivel que yo no me imaginaba\u2026 es que sac\u00f3 la macana y todo\u00bb, expres\u00f3 el influencer Luisito Comunica tras ser detenido en el Metro de Santo Domingo por grabar dentro de las instalaciones. El youtuber mexicano con m\u00e1s de 40 [&hellip;]<\/p>\n","protected":false},"author":2,"featured_media":70873,"comment_status":"open","ping_status":"open","sticky":false,"template":"","format":"standard","meta":{"footnotes":""},"categories":[44],"tags":[845,939,58],"class_list":{"0":"post-70872","1":"post","2":"type-post","3":"status-publish","4":"format-standard","5":"has-post-thumbnail","7":"category-actualidad","8":"tag-ahora-mas-rd","9":"tag-cada-minuto-una-verdad","10":"tag-republica-dominicana"},"aioseo_notices":[],"amp_enabled":true,"_links":{"self":[{"href":"https:\/\/ahoramasrd.com.do\/index.php?rest_route=\/wp\/v2\/posts\/70872","targetHints":{"allow":["GET"]}}],"collection":[{"href":"https:\/\/ahoramasrd.com.do\/index.php?rest_route=\/wp\/v2\/posts"}],"about":[{"href":"https:\/\/ahoramasrd.com.do\/index.php?rest_route=\/wp\/v2\/types\/post"}],"author":[{"embeddable":true,"href":"https:\/\/ahoramasrd.com.do\/index.php?rest_route=\/wp\/v2\/users\/2"}],"replies":[{"embeddable":true,"href":"https:\/\/ahoramasrd.com.do\/index.php?rest_route=%2Fwp%2Fv2%2Fcomments&post=70872"}],"version-history":[{"count":0,"href":"https:\/\/ahoramasrd.com.do\/index.php?rest_route=\/wp\/v2\/posts\/70872\/revisions"}],"wp:featuredmedia":[{"embeddable":true,"href":"https:\/\/ahoramasrd.com.do\/index.php?rest_route=\/"}],"wp:attachment":[{"href":"https:\/\/ahoramasrd.com.do\/index.php?rest_route=%2Fwp%2Fv2%2Fmedia&parent=70872"}],"wp:term":[{"taxonomy":"category","embeddable":true,"href":"https:\/\/ahoramasrd.com.do\/index.php?rest_route=%2Fwp%2Fv2%2Fcategories&post=70872"},{"taxonomy":"post_tag","embeddable":true,"href":"https:\/\/ahoramasrd.com.do\/index.php?rest_route=%2Fwp%2Fv2%2Ftags&post=70872"}],"curies":[{"name":"wp","href":"https:\/\/api.w.org\/{rel}","templated":true}]}}