{"id":70875,"date":"2024-09-11T16:40:17","date_gmt":"2024-09-11T20:40:17","guid":{"rendered":"https:\/\/ahoramasrd.com.do\/?p=70875"},"modified":"2024-09-11T16:40:18","modified_gmt":"2024-09-11T20:40:18","slug":"presidente-abinader-designa-a-edirda-de-oleo-como-gobernadora-de-pedernales","status":"publish","type":"post","link":"https:\/\/ahoramasrd.com.do\/?p=70875","title":{"rendered":"Presidente Abinader designa a Edirda De Oleo como gobernadora de Pedernales"},"content":{"rendered":"\n<p>Santo Domingo. \u2013 El presidente Luis Abinader emiti\u00f3 el decreto 517-24 que designa a Edirda Yoalis De Oleo Pe\u00f1a como gobernadora civil de la provincia Pedernales.<\/p>\n\n\n\n<p>Durante el periodo 2020-2024, Edirda fue diputada por el Partido Revolucionario Moderno (PRM) en esa misma provincia, donde tambi\u00e9n funge como vicepresidenta provincial de esa organizaci\u00f3n pol\u00edtica y fue coordinadora ejecutiva de campa\u00f1a del presidente Luis Abinader.<\/p>\n\n\n\n<p>En esos a\u00f1os logr\u00f3 realizar proyectos de avance para Pedernales, como destacamentos en Menc\u00eda y Oviedo, pensiones para ni\u00f1os en condiciones especiales, becas para estudiantes universitarios, parque ecotur\u00edstico R\u00edo El Mulito, apoyo a productores, funeraria de Oviedo, aceras y contenes, entre otros.<\/p>\n\n\n\n<p>Actualmente tambi\u00e9n es presidenta del proyecto pol\u00edtico Gesti\u00f3n 24, proyecto de impacto social y posee una fundaci\u00f3n que lleva su nombre.<\/p>\n","protected":false},"excerpt":{"rendered":"<p>Santo Domingo. \u2013 El presidente Luis Abinader emiti\u00f3 el decreto 517-24 que designa a Edirda Yoalis De Oleo Pe\u00f1a como gobernadora civil de la provincia Pedernales. Durante el periodo 2020-2024, Edirda fue diputada por el Partido Revolucionario Moderno (PRM) en esa misma provincia, donde tambi\u00e9n funge como vicepresidenta provincial de esa organizaci\u00f3n pol\u00edtica y fue [&hellip;]<\/p>\n","protected":false},"author":2,"featured_media":70876,"comment_status":"open","ping_status":"open","sticky":false,"template":"","format":"standard","meta":{"footnotes":""},"categories":[44],"tags":[845,939,58],"class_list":{"0":"post-70875","1":"post","2":"type-post","3":"status-publish","4":"format-standard","5":"has-post-thumbnail","7":"category-actualidad","8":"tag-ahora-mas-rd","9":"tag-cada-minuto-una-verdad","10":"tag-republica-dominicana"},"aioseo_notices":[],"amp_enabled":true,"_links":{"self":[{"href":"https:\/\/ahoramasrd.com.do\/index.php?rest_route=\/wp\/v2\/posts\/70875","targetHints":{"allow":["GET"]}}],"collection":[{"href":"https:\/\/ahoramasrd.com.do\/index.php?rest_route=\/wp\/v2\/posts"}],"about":[{"href":"https:\/\/ahoramasrd.com.do\/index.php?rest_route=\/wp\/v2\/types\/post"}],"author":[{"embeddable":true,"href":"https:\/\/ahoramasrd.com.do\/index.php?rest_route=\/wp\/v2\/users\/2"}],"replies":[{"embeddable":true,"href":"https:\/\/ahoramasrd.com.do\/index.php?rest_route=%2Fwp%2Fv2%2Fcomments&post=70875"}],"version-history":[{"count":0,"href":"https:\/\/ahoramasrd.com.do\/index.php?rest_route=\/wp\/v2\/posts\/70875\/revisions"}],"wp:featuredmedia":[{"embeddable":true,"href":"https:\/\/ahoramasrd.com.do\/index.php?rest_route=\/"}],"wp:attachment":[{"href":"https:\/\/ahoramasrd.com.do\/index.php?rest_route=%2Fwp%2Fv2%2Fmedia&parent=70875"}],"wp:term":[{"taxonomy":"category","embeddable":true,"href":"https:\/\/ahoramasrd.com.do\/index.php?rest_route=%2Fwp%2Fv2%2Fcategories&post=70875"},{"taxonomy":"post_tag","embeddable":true,"href":"https:\/\/ahoramasrd.com.do\/index.php?rest_route=%2Fwp%2Fv2%2Ftags&post=70875"}],"curies":[{"name":"wp","href":"https:\/\/api.w.org\/{rel}","templated":true}]}}