{"id":70881,"date":"2024-09-11T16:44:22","date_gmt":"2024-09-11T20:44:22","guid":{"rendered":"https:\/\/ahoramasrd.com.do\/?p=70881"},"modified":"2024-09-11T16:44:23","modified_gmt":"2024-09-11T20:44:23","slug":"la-ong-foro-penal-contabiliza-1-808-presos-por-motivos-politicos-en-venezuela","status":"publish","type":"post","link":"https:\/\/ahoramasrd.com.do\/?p=70881","title":{"rendered":"La ONG Foro Penal contabiliza 1.808 presos por \u201cmotivos pol\u00edticos\u201d en Venezuela"},"content":{"rendered":"\n<p>En Venezuela hay 1.808 detenidos considerados como \u201cpresos pol\u00edticos\u201d, 15 m\u00e1s que la semana pasada, cuando se computaron 1.793 personas privadas de libertad por \u201crazones pol\u00edticas\u201d, seg\u00fan inform\u00f3 este mi\u00e9rcoles la ONG Foro Penal.<br>Del total de encarcelados, seg\u00fan la organizaci\u00f3n, 1.582 son hombres, 226 mujeres, entre los que 1.748 son adultos y 60 son menores de edad, entre 14 y 17 a\u00f1os.<\/p>\n\n\n\n<p>La ONG contabiliz\u00f3 que, del total de las aprehensiones, 1.673 se hicieron tras las presidenciales del 28 de julio, cuando se desat\u00f3 una crisis por la denuncia de la oposici\u00f3n, por \u201cfraude\u201d en el resultado anunciado por el Consejo Nacional Electoral (CNE), que dio la reelecci\u00f3n al mandatario Nicol\u00e1s Maduro, mientras que el antichavismo asegura que gan\u00f3 su abanderado, Edmundo Gonz\u00e1lez Urrutia.<\/p>\n\n\n\n<p>La crisis poselectoral desat\u00f3 protestas que dejaron, seg\u00fan el Ejecutivo, 25 muertes y m\u00e1s de 2.400 detenidos, una cifra que supera considerablemente la de Foro Penal.<\/p>\n\n\n\n<p>La ONG explic\u00f3 a EFE que sus cifras son distintas a las anunciadas por las autoridades venezolanas porque desde la organizaci\u00f3n solo contabilizan detenciones que califiquen como \u201carbitrarias\u201d, cuando afirm\u00f3 \u201cno hay elementos de culpabilidad\u201d sobre la persona apresada.<\/p>\n\n\n\n<p>El Gobierno responsabiliza a los manifestantes -a quienes vincula con la mayor coalici\u00f3n opositora, Plataforma Unitaria Democr\u00e1tica (PUD)- de generar \u201cviolencia\u201d y \u201cvandalismo\u201d en varias sedes p\u00fablicas, lo que conlleva delitos, mientras que la PUD acusa de \u201crepresi\u00f3n\u201d de los agentes de seguridad del Estado en las protestas.<\/p>\n\n\n\n<p>Desde 2014, el Foro Penal ha registrado 17.561 \u201cdetenciones pol\u00edticas\u201d, adem\u00e1s de 9.000 personas que siguen sujetas \u201carbitrariamente\u201d a \u201cmedidas restrictivas de su libertad\u201d.<\/p>\n","protected":false},"excerpt":{"rendered":"<p>En Venezuela hay 1.808 detenidos considerados como \u201cpresos pol\u00edticos\u201d, 15 m\u00e1s que la semana pasada, cuando se computaron 1.793 personas privadas de libertad por \u201crazones pol\u00edticas\u201d, seg\u00fan inform\u00f3 este mi\u00e9rcoles la ONG Foro Penal.Del total de encarcelados, seg\u00fan la organizaci\u00f3n, 1.582 son hombres, 226 mujeres, entre los que 1.748 son adultos y 60 son menores [&hellip;]<\/p>\n","protected":false},"author":2,"featured_media":70882,"comment_status":"open","ping_status":"open","sticky":false,"template":"","format":"standard","meta":{"footnotes":""},"categories":[44],"tags":[845,939,58],"class_list":{"0":"post-70881","1":"post","2":"type-post","3":"status-publish","4":"format-standard","5":"has-post-thumbnail","7":"category-actualidad","8":"tag-ahora-mas-rd","9":"tag-cada-minuto-una-verdad","10":"tag-republica-dominicana"},"aioseo_notices":[],"amp_enabled":true,"_links":{"self":[{"href":"https:\/\/ahoramasrd.com.do\/index.php?rest_route=\/wp\/v2\/posts\/70881","targetHints":{"allow":["GET"]}}],"collection":[{"href":"https:\/\/ahoramasrd.com.do\/index.php?rest_route=\/wp\/v2\/posts"}],"about":[{"href":"https:\/\/ahoramasrd.com.do\/index.php?rest_route=\/wp\/v2\/types\/post"}],"author":[{"embeddable":true,"href":"https:\/\/ahoramasrd.com.do\/index.php?rest_route=\/wp\/v2\/users\/2"}],"replies":[{"embeddable":true,"href":"https:\/\/ahoramasrd.com.do\/index.php?rest_route=%2Fwp%2Fv2%2Fcomments&post=70881"}],"version-history":[{"count":0,"href":"https:\/\/ahoramasrd.com.do\/index.php?rest_route=\/wp\/v2\/posts\/70881\/revisions"}],"wp:featuredmedia":[{"embeddable":true,"href":"https:\/\/ahoramasrd.com.do\/index.php?rest_route=\/"}],"wp:attachment":[{"href":"https:\/\/ahoramasrd.com.do\/index.php?rest_route=%2Fwp%2Fv2%2Fmedia&parent=70881"}],"wp:term":[{"taxonomy":"category","embeddable":true,"href":"https:\/\/ahoramasrd.com.do\/index.php?rest_route=%2Fwp%2Fv2%2Fcategories&post=70881"},{"taxonomy":"post_tag","embeddable":true,"href":"https:\/\/ahoramasrd.com.do\/index.php?rest_route=%2Fwp%2Fv2%2Ftags&post=70881"}],"curies":[{"name":"wp","href":"https:\/\/api.w.org\/{rel}","templated":true}]}}