{"id":70887,"date":"2024-09-11T16:47:31","date_gmt":"2024-09-11T20:47:31","guid":{"rendered":"https:\/\/ahoramasrd.com.do\/?p=70887"},"modified":"2024-09-11T16:47:32","modified_gmt":"2024-09-11T20:47:32","slug":"ministro-dice-reforma-a-la-administracion-publica-busca-hacer-al-estado-mas-capaz-y-eficiente","status":"publish","type":"post","link":"https:\/\/ahoramasrd.com.do\/?p=70887","title":{"rendered":"Ministro dice reforma a la administraci\u00f3n p\u00fablica busca hacer al Estado m\u00e1s capaz y eficiente"},"content":{"rendered":"\n<p>El ministro de Econom\u00eda, P\u00e1vel Isa Contreras, precis\u00f3 que se est\u00e1 planteando que la reforma de la administraci\u00f3n p\u00fablica haga que el Estado sea m\u00e1s capaz y m\u00e1s eficiente.<\/p>\n\n\n\n<p>\u201cPor eso se est\u00e1 planteando la racionalizaci\u00f3n del n\u00famero de instituciones\u201d, expres\u00f3 el ministro, al ser entrevistado por periodistas.<\/p>\n\n\n\n<p>El ministro de Econom\u00eda, Planificaci\u00f3n y Desarrollo consider\u00f3 que el informe publicado por el Fondo Monetario Internacional (FMI) revela que el pa\u00eds se encuentra en una muy buena senda macroecon\u00f3mica, que la econom\u00eda est\u00e1 creciendo de manera importante y que la inflaci\u00f3n fue derrotada.<\/p>\n\n\n\n<p>\u201cEstamos en una buena senda macroecon\u00f3mica\u201d, insisti\u00f3 Isa Contreras, al referirse al informe del Directorio Ejecutivo del FMI que fue publicado el martes 10 de septiembre sobre los resultados de la misi\u00f3n que visit\u00f3 al pa\u00eds con motivo de la consulta del Art\u00edculo IV con la Rep\u00fablica Dominicana.<\/p>\n\n\n\n<p>En las conclusiones, el FMI se\u00f1ala \u201cun historial de s\u00f3lidas pol\u00edticas y firmes marcos de pol\u00edticas institucionales han ayudado a la Rep\u00fablica Dominicana a lograr un crecimiento econ\u00f3mico robusto y resiliente con una baja inflaci\u00f3n en las \u00faltimas dos d\u00e9cadas\u201d.<\/p>\n","protected":false},"excerpt":{"rendered":"<p>El ministro de Econom\u00eda, P\u00e1vel Isa Contreras, precis\u00f3 que se est\u00e1 planteando que la reforma de la administraci\u00f3n p\u00fablica haga que el Estado sea m\u00e1s capaz y m\u00e1s eficiente. \u201cPor eso se est\u00e1 planteando la racionalizaci\u00f3n del n\u00famero de instituciones\u201d, expres\u00f3 el ministro, al ser entrevistado por periodistas. El ministro de Econom\u00eda, Planificaci\u00f3n y Desarrollo [&hellip;]<\/p>\n","protected":false},"author":2,"featured_media":70888,"comment_status":"open","ping_status":"open","sticky":false,"template":"","format":"standard","meta":{"footnotes":""},"categories":[44],"tags":[845,939,58],"class_list":{"0":"post-70887","1":"post","2":"type-post","3":"status-publish","4":"format-standard","5":"has-post-thumbnail","7":"category-actualidad","8":"tag-ahora-mas-rd","9":"tag-cada-minuto-una-verdad","10":"tag-republica-dominicana"},"aioseo_notices":[],"amp_enabled":true,"_links":{"self":[{"href":"https:\/\/ahoramasrd.com.do\/index.php?rest_route=\/wp\/v2\/posts\/70887","targetHints":{"allow":["GET"]}}],"collection":[{"href":"https:\/\/ahoramasrd.com.do\/index.php?rest_route=\/wp\/v2\/posts"}],"about":[{"href":"https:\/\/ahoramasrd.com.do\/index.php?rest_route=\/wp\/v2\/types\/post"}],"author":[{"embeddable":true,"href":"https:\/\/ahoramasrd.com.do\/index.php?rest_route=\/wp\/v2\/users\/2"}],"replies":[{"embeddable":true,"href":"https:\/\/ahoramasrd.com.do\/index.php?rest_route=%2Fwp%2Fv2%2Fcomments&post=70887"}],"version-history":[{"count":0,"href":"https:\/\/ahoramasrd.com.do\/index.php?rest_route=\/wp\/v2\/posts\/70887\/revisions"}],"wp:featuredmedia":[{"embeddable":true,"href":"https:\/\/ahoramasrd.com.do\/index.php?rest_route=\/"}],"wp:attachment":[{"href":"https:\/\/ahoramasrd.com.do\/index.php?rest_route=%2Fwp%2Fv2%2Fmedia&parent=70887"}],"wp:term":[{"taxonomy":"category","embeddable":true,"href":"https:\/\/ahoramasrd.com.do\/index.php?rest_route=%2Fwp%2Fv2%2Fcategories&post=70887"},{"taxonomy":"post_tag","embeddable":true,"href":"https:\/\/ahoramasrd.com.do\/index.php?rest_route=%2Fwp%2Fv2%2Ftags&post=70887"}],"curies":[{"name":"wp","href":"https:\/\/api.w.org\/{rel}","templated":true}]}}