{"id":70893,"date":"2024-09-11T16:52:12","date_gmt":"2024-09-11T20:52:12","guid":{"rendered":"https:\/\/ahoramasrd.com.do\/?p=70893"},"modified":"2024-09-11T16:52:13","modified_gmt":"2024-09-11T20:52:13","slug":"lanza-el-libro-ceremoniales-de-presentacion-de-cartas-credenciales-autoria-de-ada-hernandez-embajadora-alterna-ante-la-unesco","status":"publish","type":"post","link":"https:\/\/ahoramasrd.com.do\/?p=70893","title":{"rendered":"Lanza el libro \u201cCeremoniales de Presentaci\u00f3n de Cartas Credenciales\u201d, autor\u00eda de Ada Hern\u00e1ndez embajadora alterna ante la UNESCO"},"content":{"rendered":"\n<p>Santo Domingo. -El Ministerio de Relaciones Exteriores y el Instituto de Educaci\u00f3n Superior en Formaci\u00f3n Diplom\u00e1tica y Consular (INESDYC) realizaron el lanzamiento del libro \u201cCeremoniales de Presentaci\u00f3n de Cartas Credenciales\u201d, autor\u00eda de Ada Hern\u00e1ndez, embajadora alterna ante la UNESCO.<br>Este libro recoge los protocolos de presentaci\u00f3n de Cartas Credenciales de los 51 pa\u00edses que la Rep\u00fablica Dominicana tiene relaciones diplom\u00e1ticas en sede. Adem\u00e1s, de hacer una breve rese\u00f1a sobre la historia entre ambos pa\u00edses, menciona a los embajadores dominicanos que nos han representado en cada uno de ellos.<\/p>\n\n\n\n<p>La autora del libro expres\u00f3 que principal objetivo del libro es dar a conocer todos los pormenores que conllevan la presentaci\u00f3n de credenciales de un embajador, brindar detalles sobre el ceremonial diplom\u00e1tico y el andamiaje protocolar.<\/p>\n\n\n\n<p>El acto estuvo encabezado por el ministro de Relaciones Exteriores, Roberto \u00c1lvarez; el embajador-rector del INESDYC, Jos\u00e9 Rafael Espaillat; Ada Hern\u00e1ndez, embajadora alterna de la Delegaci\u00f3n Dominicana ante la UNESCO y autora del libro; Andr\u00e9s L. Mateo, embajador, Representante Permanente de la Rep\u00fablica Dominicana ante la UNESCO y Alejandra Liriano, embajadora vicerrectora Acad\u00e9mica.<br>Durante la puesta en circulaci\u00f3n, el canciller \u00c1lvarez, autor del pr\u00f3logo, expres\u00f3 que \u201ceste libro ser\u00e1 una fuente de consulta para nuestros embajadores y les dar\u00e1 una idea de este ceremonial en diferentes pa\u00edses con lo que cobrar\u00e1n confianza al momento de presentar sus cartas credenciales en el pa\u00eds donde sean enviados\u201d.<\/p>\n\n\n\n<p>Las palabras de bienvenida estuvieron a cargo del embajador-rector Jos\u00e9 Rafael Espaillat, quien ponder\u00f3: \u201cEsperamos que este libro sirva no solo como una gu\u00eda \u00fatil para los profesionales del \u00e1mbito diplom\u00e1tico, sino tambi\u00e9n como una fuente de inspiraci\u00f3n y conocimiento para todos aquellos interesados en las peculiares y fascinantes pr\u00e1cticas que sustentan nuestras relaciones internacionales \u201c.<\/p>\n\n\n\n<p>De su lado, Andr\u00e9s L. Mateo, embajador, Representante Permanente de la Rep\u00fablica Dominicana ante la UNESCO, agreg\u00f3 que este libro trae una experiencia que les permitir\u00e1 a los diplom\u00e1ticos desenvolverse mejor al inicio de sus funciones.<\/p>\n\n\n\n<p>En la actividad realizada en el Aula Magna Eduardo Latorre Rodr\u00edguez del INESDYC, estuvieron presentes adem\u00e1s; embajadores y representantes de Misiones diplom\u00e1ticas acreditadas en el pa\u00eds, miembros del Cuerpo Consular, viceministros, y el personal diplom\u00e1tico acreditado en el servicio exterior dominicano que estuvo conectado v\u00eda Zoom, entre otras importantes personalidades.<\/p>\n","protected":false},"excerpt":{"rendered":"<p>Santo Domingo. -El Ministerio de Relaciones Exteriores y el Instituto de Educaci\u00f3n Superior en Formaci\u00f3n Diplom\u00e1tica y Consular (INESDYC) realizaron el lanzamiento del libro \u201cCeremoniales de Presentaci\u00f3n de Cartas Credenciales\u201d, autor\u00eda de Ada Hern\u00e1ndez, embajadora alterna ante la UNESCO.Este libro recoge los protocolos de presentaci\u00f3n de Cartas Credenciales de los 51 pa\u00edses que la Rep\u00fablica [&hellip;]<\/p>\n","protected":false},"author":2,"featured_media":70894,"comment_status":"open","ping_status":"open","sticky":false,"template":"","format":"standard","meta":{"footnotes":""},"categories":[44],"tags":[845,939,58],"class_list":{"0":"post-70893","1":"post","2":"type-post","3":"status-publish","4":"format-standard","5":"has-post-thumbnail","7":"category-actualidad","8":"tag-ahora-mas-rd","9":"tag-cada-minuto-una-verdad","10":"tag-republica-dominicana"},"aioseo_notices":[],"amp_enabled":true,"_links":{"self":[{"href":"https:\/\/ahoramasrd.com.do\/index.php?rest_route=\/wp\/v2\/posts\/70893","targetHints":{"allow":["GET"]}}],"collection":[{"href":"https:\/\/ahoramasrd.com.do\/index.php?rest_route=\/wp\/v2\/posts"}],"about":[{"href":"https:\/\/ahoramasrd.com.do\/index.php?rest_route=\/wp\/v2\/types\/post"}],"author":[{"embeddable":true,"href":"https:\/\/ahoramasrd.com.do\/index.php?rest_route=\/wp\/v2\/users\/2"}],"replies":[{"embeddable":true,"href":"https:\/\/ahoramasrd.com.do\/index.php?rest_route=%2Fwp%2Fv2%2Fcomments&post=70893"}],"version-history":[{"count":0,"href":"https:\/\/ahoramasrd.com.do\/index.php?rest_route=\/wp\/v2\/posts\/70893\/revisions"}],"wp:featuredmedia":[{"embeddable":true,"href":"https:\/\/ahoramasrd.com.do\/index.php?rest_route=\/"}],"wp:attachment":[{"href":"https:\/\/ahoramasrd.com.do\/index.php?rest_route=%2Fwp%2Fv2%2Fmedia&parent=70893"}],"wp:term":[{"taxonomy":"category","embeddable":true,"href":"https:\/\/ahoramasrd.com.do\/index.php?rest_route=%2Fwp%2Fv2%2Fcategories&post=70893"},{"taxonomy":"post_tag","embeddable":true,"href":"https:\/\/ahoramasrd.com.do\/index.php?rest_route=%2Fwp%2Fv2%2Ftags&post=70893"}],"curies":[{"name":"wp","href":"https:\/\/api.w.org\/{rel}","templated":true}]}}