{"id":70914,"date":"2024-09-14T14:46:07","date_gmt":"2024-09-14T18:46:07","guid":{"rendered":"https:\/\/ahoramasrd.com.do\/?p=70914"},"modified":"2024-09-14T14:46:08","modified_gmt":"2024-09-14T18:46:08","slug":"haiti-al-menos-16-muertos-en-explosion-de-un-camion-cisterna-de-combustible","status":"publish","type":"post","link":"https:\/\/ahoramasrd.com.do\/?p=70914","title":{"rendered":"Hait\u00ed: Al menos 16 muertos en explosi\u00f3n de un cami\u00f3n cisterna de combustible"},"content":{"rendered":"\n<p>Al menos 16 personas murieron y otras cuarenta resultaron heridas este s\u00e1bado en el suroeste de Hait\u00ed durante la explosi\u00f3n de un cami\u00f3n cisterna que perd\u00eda combustible tras accidentarse, inform\u00f3 a la AFP el responsable de Protecci\u00f3n Civil de la regi\u00f3n de Nippes, Fidel Nicolas.<\/p>\n\n\n\n<p>Seg\u00fan testigos, la explosi\u00f3n ocurri\u00f3 cuando las v\u00edctimas se dispon\u00edan a recolectar combustible del cami\u00f3n cisterna luego de que \u00e9ste se accidentara en el distrito de Mirago\u00e2ne.<\/p>\n\n\n\n<p>Los heridos fueron trasladados al hospital de Sainte Th\u00e9r\u00e8se de la ciudad portuaria de Mirago\u00e2ne, a unos 100 kil\u00f3metros de Puerto Pr\u00edncipe.<\/p>\n\n\n\n<p>El primer ministro interino, Garry Conille, convoc\u00f3 a una reuni\u00f3n de emergencia debido a la tragedia, dijo a la AFP el jefe nacional de Protecci\u00f3n Civil, Emmanuel Pierre.<\/p>\n\n\n\n<p>El responsable agreg\u00f3 que los heridos en estado grave ser\u00e1n trasladados a otros hospitales.<\/p>\n","protected":false},"excerpt":{"rendered":"<p>Al menos 16 personas murieron y otras cuarenta resultaron heridas este s\u00e1bado en el suroeste de Hait\u00ed durante la explosi\u00f3n de un cami\u00f3n cisterna que perd\u00eda combustible tras accidentarse, inform\u00f3 a la AFP el responsable de Protecci\u00f3n Civil de la regi\u00f3n de Nippes, Fidel Nicolas. Seg\u00fan testigos, la explosi\u00f3n ocurri\u00f3 cuando las v\u00edctimas se dispon\u00edan [&hellip;]<\/p>\n","protected":false},"author":2,"featured_media":70915,"comment_status":"open","ping_status":"open","sticky":false,"template":"","format":"standard","meta":{"footnotes":""},"categories":[44],"tags":[845,939,58],"class_list":{"0":"post-70914","1":"post","2":"type-post","3":"status-publish","4":"format-standard","5":"has-post-thumbnail","7":"category-actualidad","8":"tag-ahora-mas-rd","9":"tag-cada-minuto-una-verdad","10":"tag-republica-dominicana"},"aioseo_notices":[],"amp_enabled":true,"_links":{"self":[{"href":"https:\/\/ahoramasrd.com.do\/index.php?rest_route=\/wp\/v2\/posts\/70914","targetHints":{"allow":["GET"]}}],"collection":[{"href":"https:\/\/ahoramasrd.com.do\/index.php?rest_route=\/wp\/v2\/posts"}],"about":[{"href":"https:\/\/ahoramasrd.com.do\/index.php?rest_route=\/wp\/v2\/types\/post"}],"author":[{"embeddable":true,"href":"https:\/\/ahoramasrd.com.do\/index.php?rest_route=\/wp\/v2\/users\/2"}],"replies":[{"embeddable":true,"href":"https:\/\/ahoramasrd.com.do\/index.php?rest_route=%2Fwp%2Fv2%2Fcomments&post=70914"}],"version-history":[{"count":0,"href":"https:\/\/ahoramasrd.com.do\/index.php?rest_route=\/wp\/v2\/posts\/70914\/revisions"}],"wp:featuredmedia":[{"embeddable":true,"href":"https:\/\/ahoramasrd.com.do\/index.php?rest_route=\/"}],"wp:attachment":[{"href":"https:\/\/ahoramasrd.com.do\/index.php?rest_route=%2Fwp%2Fv2%2Fmedia&parent=70914"}],"wp:term":[{"taxonomy":"category","embeddable":true,"href":"https:\/\/ahoramasrd.com.do\/index.php?rest_route=%2Fwp%2Fv2%2Fcategories&post=70914"},{"taxonomy":"post_tag","embeddable":true,"href":"https:\/\/ahoramasrd.com.do\/index.php?rest_route=%2Fwp%2Fv2%2Ftags&post=70914"}],"curies":[{"name":"wp","href":"https:\/\/api.w.org\/{rel}","templated":true}]}}