{"id":70929,"date":"2024-09-14T20:45:43","date_gmt":"2024-09-15T00:45:43","guid":{"rendered":"https:\/\/ahoramasrd.com.do\/?p=70929"},"modified":"2024-09-14T20:45:43","modified_gmt":"2024-09-15T00:45:43","slug":"vicepresidenta-entrega-centro-hospitalario-en-la-vega","status":"publish","type":"post","link":"https:\/\/ahoramasrd.com.do\/?p=70929","title":{"rendered":"Vicepresidenta entrega centro hospitalario en La Vega"},"content":{"rendered":"\n<p>Raquel Pe\u00f1a tambi\u00e9n inaugur\u00f3 el bajo techo de La Llanada<\/p>\n\n\n\n<p>La Vega, RD. \u2013 La vicepresidenta de la Rep\u00fablica, Raquel Pe\u00f1a, desarroll\u00f3 este s\u00e1bado una agenda de trabajo que incluy\u00f3 obras que impactaran la vida de los ciudadanos de la regi\u00f3n Norte en materia de salud, educaci\u00f3n y deporte.<\/p>\n\n\n\n<p>\u201cIniciamos una jornada de gran importancia para la provincia de La Vega. Una jornada que pone de manifiesto una vez m\u00e1s que nuestro gobierno, bajo la visi\u00f3n y el liderazgo de nuestro presidente Luis Abinader, sigue comprometido con el desarrollo integral de la regi\u00f3n Norte y de toda la Rep\u00fablica Dominicana\u201d, manifest\u00f3 Pe\u00f1a.<\/p>\n\n\n\n<p>Asimismo, la vicemandataria resalt\u00f3 que cada inversi\u00f3n en hospitales, en deporte, en equipamiento y en mejorar las necesidades significa invertir en el futuro de las localidades y en el desarrollo de la Rep\u00fablica Dominicana.<\/p>\n\n\n\n<p>Servicios de salud m\u00e1s cercanos<\/p>\n\n\n\n<p>Precisamente, una de las inversiones en el \u00e1rea de salud fue la destinada para el remozamiento y ampliaci\u00f3n del Hospital Municipal Dra. Armida Garc\u00eda, inaugurado por la vicepresidenta junto al director del Servicio Nacional de Salud (SNS), Mario Lama.<\/p>\n\n\n\n<p>En la ampliaci\u00f3n de la emergencia del Armida Garc\u00eda se crearon nuevas \u00e1reas tales como: observaci\u00f3n de cuatro cub\u00edculos, un box de reanimaci\u00f3n, triaje, estaci\u00f3n de enfermer\u00eda, consultorio de emergencia, sala de espera, curas, suturas y nebulizaci\u00f3n.<\/p>\n\n\n\n<p>Igualmente, el remozamiento, incluy\u00f3 20 camas de internamiento, ocho consultorios, estaci\u00f3n de enfermer\u00eda, Odontolog\u00eda, dos quir\u00f3fanos, dos camas prequir\u00fargico y posquir\u00fargico. Adem\u00e1s, sala de espera, Sonograf\u00eda, triaje, vacuna, Laboratorio, una sala de parto, yeso, rayos x, cuatro cunas neonatales, una cervocuna, una incubadora, tres cub\u00edculos de observaci\u00f3n y uno ginecol\u00f3gico, Facturaci\u00f3n, lavander\u00eda, descansos m\u00e9dicos, \u00e1reas administrativas y cocina, por una inversi\u00f3n total de RD$ 149,864,062.47 pesos.<\/p>\n\n\n\n<p>Este s\u00e1bado, la vicepresidenta y el titular del SNS, tambi\u00e9n dieron el primer palazo para dejar iniciados los trabajos de ampliaci\u00f3n del \u00e1rea de internamiento del Hospital Regional Dr. Luis Morillo King, con una inversi\u00f3n de RD$ 142,411,633.02 pesos.<\/p>\n\n\n\n<p>Dignificando instalaciones deportivas<\/p>\n\n\n\n<p>Por otro lado, la vicemandataria tambi\u00e9n entreg\u00f3 el bajo techo de La Llanada, en el distrito municipal de Tavera.<\/p>\n\n\n\n<p>La obra fue levantada a un costo de RD$30,745,615 y responde a la visi\u00f3n del Gobierno de fortalecer los espacios que fomentan el deporte y la sana recreaci\u00f3n en las comunidades.<\/p>\n","protected":false},"excerpt":{"rendered":"<p>Raquel Pe\u00f1a tambi\u00e9n inaugur\u00f3 el bajo techo de La Llanada La Vega, RD. \u2013 La vicepresidenta de la Rep\u00fablica, Raquel Pe\u00f1a, desarroll\u00f3 este s\u00e1bado una agenda de trabajo que incluy\u00f3 obras que impactaran la vida de los ciudadanos de la regi\u00f3n Norte en materia de salud, educaci\u00f3n y deporte. \u201cIniciamos una jornada de gran importancia [&hellip;]<\/p>\n","protected":false},"author":2,"featured_media":70930,"comment_status":"open","ping_status":"open","sticky":false,"template":"","format":"standard","meta":{"footnotes":""},"categories":[44],"tags":[845,939,58],"class_list":{"0":"post-70929","1":"post","2":"type-post","3":"status-publish","4":"format-standard","5":"has-post-thumbnail","7":"category-actualidad","8":"tag-ahora-mas-rd","9":"tag-cada-minuto-una-verdad","10":"tag-republica-dominicana"},"aioseo_notices":[],"amp_enabled":true,"_links":{"self":[{"href":"https:\/\/ahoramasrd.com.do\/index.php?rest_route=\/wp\/v2\/posts\/70929","targetHints":{"allow":["GET"]}}],"collection":[{"href":"https:\/\/ahoramasrd.com.do\/index.php?rest_route=\/wp\/v2\/posts"}],"about":[{"href":"https:\/\/ahoramasrd.com.do\/index.php?rest_route=\/wp\/v2\/types\/post"}],"author":[{"embeddable":true,"href":"https:\/\/ahoramasrd.com.do\/index.php?rest_route=\/wp\/v2\/users\/2"}],"replies":[{"embeddable":true,"href":"https:\/\/ahoramasrd.com.do\/index.php?rest_route=%2Fwp%2Fv2%2Fcomments&post=70929"}],"version-history":[{"count":0,"href":"https:\/\/ahoramasrd.com.do\/index.php?rest_route=\/wp\/v2\/posts\/70929\/revisions"}],"wp:featuredmedia":[{"embeddable":true,"href":"https:\/\/ahoramasrd.com.do\/index.php?rest_route=\/"}],"wp:attachment":[{"href":"https:\/\/ahoramasrd.com.do\/index.php?rest_route=%2Fwp%2Fv2%2Fmedia&parent=70929"}],"wp:term":[{"taxonomy":"category","embeddable":true,"href":"https:\/\/ahoramasrd.com.do\/index.php?rest_route=%2Fwp%2Fv2%2Fcategories&post=70929"},{"taxonomy":"post_tag","embeddable":true,"href":"https:\/\/ahoramasrd.com.do\/index.php?rest_route=%2Fwp%2Fv2%2Ftags&post=70929"}],"curies":[{"name":"wp","href":"https:\/\/api.w.org\/{rel}","templated":true}]}}