{"id":70934,"date":"2024-09-15T13:37:09","date_gmt":"2024-09-15T17:37:09","guid":{"rendered":"https:\/\/ahoramasrd.com.do\/?p=70934"},"modified":"2024-09-15T13:37:10","modified_gmt":"2024-09-15T17:37:10","slug":"presidente-abinader-inicia-reunion-del-consejo-de-gobierno-en-santo-domingo-este","status":"publish","type":"post","link":"https:\/\/ahoramasrd.com.do\/?p=70934","title":{"rendered":"Presidente Abinader inicia reuni\u00f3n del Consejo de Gobierno en Santo Domingo Este"},"content":{"rendered":"\n<p>Con la llegada del presidente Luis Abinader y la vicepresidenta Raquel Pe\u00f1a, inici\u00f3 la reuni\u00f3n del Consejo de Ministros y Directores Generales en el Palacio Municipal de Santo Domingo Este, segundo encuentro del Gabinete Presidencial de la segunda gesti\u00f3n del mandatario.<\/p>\n\n\n\n<p>Con muchas expectativas ante las grandes demandas de uno de los municipios m\u00e1s grandes del pa\u00eds, inici\u00f3 la reuni\u00f3n con la exposici\u00f3n del alcalde D\u00edo Astacio, de cuyas inquietudes la prensa a\u00fan no ha tenido acceso, debido a que tuve que salir una vez fue presentado el funcionario municipal por el ministro de la Presidencia Jos\u00e9 Ignacio Paliza.<\/p>\n\n\n\n<p>La reuni\u00f3n, que estaba pautada para las 11:00 de la ma\u00f1ana de este domingo, dio inicio a las 11:40, donde se espera que se aborden algunas de las problem\u00e1ticas denunciadas por los moradores de esa localidad, entre ellas: reparaciones de calles y avenidas, problemas de agua, largas y constantes tandas de apagones, entre otras.<\/p>\n","protected":false},"excerpt":{"rendered":"<p>Con la llegada del presidente Luis Abinader y la vicepresidenta Raquel Pe\u00f1a, inici\u00f3 la reuni\u00f3n del Consejo de Ministros y Directores Generales en el Palacio Municipal de Santo Domingo Este, segundo encuentro del Gabinete Presidencial de la segunda gesti\u00f3n del mandatario. Con muchas expectativas ante las grandes demandas de uno de los municipios m\u00e1s grandes [&hellip;]<\/p>\n","protected":false},"author":2,"featured_media":70935,"comment_status":"open","ping_status":"open","sticky":false,"template":"","format":"standard","meta":{"footnotes":""},"categories":[44],"tags":[845,939,58],"class_list":{"0":"post-70934","1":"post","2":"type-post","3":"status-publish","4":"format-standard","5":"has-post-thumbnail","7":"category-actualidad","8":"tag-ahora-mas-rd","9":"tag-cada-minuto-una-verdad","10":"tag-republica-dominicana"},"aioseo_notices":[],"amp_enabled":true,"_links":{"self":[{"href":"https:\/\/ahoramasrd.com.do\/index.php?rest_route=\/wp\/v2\/posts\/70934","targetHints":{"allow":["GET"]}}],"collection":[{"href":"https:\/\/ahoramasrd.com.do\/index.php?rest_route=\/wp\/v2\/posts"}],"about":[{"href":"https:\/\/ahoramasrd.com.do\/index.php?rest_route=\/wp\/v2\/types\/post"}],"author":[{"embeddable":true,"href":"https:\/\/ahoramasrd.com.do\/index.php?rest_route=\/wp\/v2\/users\/2"}],"replies":[{"embeddable":true,"href":"https:\/\/ahoramasrd.com.do\/index.php?rest_route=%2Fwp%2Fv2%2Fcomments&post=70934"}],"version-history":[{"count":0,"href":"https:\/\/ahoramasrd.com.do\/index.php?rest_route=\/wp\/v2\/posts\/70934\/revisions"}],"wp:featuredmedia":[{"embeddable":true,"href":"https:\/\/ahoramasrd.com.do\/index.php?rest_route=\/"}],"wp:attachment":[{"href":"https:\/\/ahoramasrd.com.do\/index.php?rest_route=%2Fwp%2Fv2%2Fmedia&parent=70934"}],"wp:term":[{"taxonomy":"category","embeddable":true,"href":"https:\/\/ahoramasrd.com.do\/index.php?rest_route=%2Fwp%2Fv2%2Fcategories&post=70934"},{"taxonomy":"post_tag","embeddable":true,"href":"https:\/\/ahoramasrd.com.do\/index.php?rest_route=%2Fwp%2Fv2%2Ftags&post=70934"}],"curies":[{"name":"wp","href":"https:\/\/api.w.org\/{rel}","templated":true}]}}