{"id":70937,"date":"2024-09-15T13:54:12","date_gmt":"2024-09-15T17:54:12","guid":{"rendered":"https:\/\/ahoramasrd.com.do\/?p=70937"},"modified":"2024-09-15T13:54:13","modified_gmt":"2024-09-15T17:54:13","slug":"profesionales-destacan-el-valor-y-fortaleza-de-las-relaciones-de-los-militares-con-la-sociedad-civil","status":"publish","type":"post","link":"https:\/\/ahoramasrd.com.do\/?p=70937","title":{"rendered":"Profesionales destacan el valor y fortaleza de las relaciones de los militares con la sociedad civil"},"content":{"rendered":"\n<p>Profesionales de la comunicaci\u00f3n, la medicina y de la historia militar destacaron el valor, la fortaleza y el crecimiento de las relaciones c\u00edvico -militares entre las Fuerzas Armadas y la sociedad civil dominicana a la cual sirven, gracias a que en los \u00faltimos a\u00f1os se ha adoptado un enfoque de comunicaci\u00f3n estrat\u00e9gica y digital \u201cm\u00e1s integrado y abierto con la ciudadan\u00eda\u201d.<\/p>\n\n\n\n<p>Todo ello ha contribuido a fortalecer la confianza y cooperaci\u00f3n entre las instituciones militares y la sociedad civil.<\/p>\n\n\n\n<p>As\u00ed lo explicaron invitados especiales convocados en ocasi\u00f3n del tercer aniversario del espacio radio \u201cJ-5 Interactivo\u201d, del Ministerio de Defensa (MIDE), que se transmite por La Radioemisora Cultural La Voz de las Fuerzas Armadas y quienes son colaboradores recurrentes en el \u00e1rea de las relaciones p\u00fablicas y c\u00edvico-militar y quienes destacaron que estas acciones ayudan con la transparencia institucional.<\/p>\n\n\n\n<p>Los participantes fueron el director de Historia Militar, coronel S\u00f3crates Suazo Ruiz, ERD, los periodistas Eugenio Ferrrand, del Centro de Informaci\u00f3n y Comunicaci\u00f3n (Cicom), y Patria Reyes, del List\u00edn Diario, y el doctor pediatra Edgar Vanderhorst.<\/p>\n\n\n\n<p>Los profesionales civiles y militares tambi\u00e9n manifestaron que, con esta cercan\u00eda c\u00edvico-militar, se ha incrementado el di\u00e1logo, el respeto a los derechos humanos, las iniciativas y los operativos de apoyo a la comunidad, el fortalecimiento de la paz, expresada en la asistencia que brindan los militares cuando ocurren situaciones de desastres naturales o provocados por los seres humanos.<\/p>\n\n\n\n<p>En el programa especial particip\u00f3, tambi\u00e9n, el director de La Voz de las Fuerzas Armadas, capit\u00e1n de nav\u00edo Hugo Goicoechea Franco, ARD, quien aprovech\u00f3 para felicitar al equipo de la Direcci\u00f3n de Asuntos Civiles del Estado Mayor Conjunto del MIDE, J-5, por la labor informativa que realizan todos los jueves de 10 a 11 desde esa estaci\u00f3n radial.<\/p>\n","protected":false},"excerpt":{"rendered":"<p>Profesionales de la comunicaci\u00f3n, la medicina y de la historia militar destacaron el valor, la fortaleza y el crecimiento de las relaciones c\u00edvico -militares entre las Fuerzas Armadas y la sociedad civil dominicana a la cual sirven, gracias a que en los \u00faltimos a\u00f1os se ha adoptado un enfoque de comunicaci\u00f3n estrat\u00e9gica y digital \u201cm\u00e1s [&hellip;]<\/p>\n","protected":false},"author":2,"featured_media":70938,"comment_status":"open","ping_status":"open","sticky":false,"template":"","format":"standard","meta":{"footnotes":""},"categories":[44],"tags":[845,939,58],"class_list":{"0":"post-70937","1":"post","2":"type-post","3":"status-publish","4":"format-standard","5":"has-post-thumbnail","7":"category-actualidad","8":"tag-ahora-mas-rd","9":"tag-cada-minuto-una-verdad","10":"tag-republica-dominicana"},"aioseo_notices":[],"amp_enabled":true,"_links":{"self":[{"href":"https:\/\/ahoramasrd.com.do\/index.php?rest_route=\/wp\/v2\/posts\/70937","targetHints":{"allow":["GET"]}}],"collection":[{"href":"https:\/\/ahoramasrd.com.do\/index.php?rest_route=\/wp\/v2\/posts"}],"about":[{"href":"https:\/\/ahoramasrd.com.do\/index.php?rest_route=\/wp\/v2\/types\/post"}],"author":[{"embeddable":true,"href":"https:\/\/ahoramasrd.com.do\/index.php?rest_route=\/wp\/v2\/users\/2"}],"replies":[{"embeddable":true,"href":"https:\/\/ahoramasrd.com.do\/index.php?rest_route=%2Fwp%2Fv2%2Fcomments&post=70937"}],"version-history":[{"count":0,"href":"https:\/\/ahoramasrd.com.do\/index.php?rest_route=\/wp\/v2\/posts\/70937\/revisions"}],"wp:featuredmedia":[{"embeddable":true,"href":"https:\/\/ahoramasrd.com.do\/index.php?rest_route=\/"}],"wp:attachment":[{"href":"https:\/\/ahoramasrd.com.do\/index.php?rest_route=%2Fwp%2Fv2%2Fmedia&parent=70937"}],"wp:term":[{"taxonomy":"category","embeddable":true,"href":"https:\/\/ahoramasrd.com.do\/index.php?rest_route=%2Fwp%2Fv2%2Fcategories&post=70937"},{"taxonomy":"post_tag","embeddable":true,"href":"https:\/\/ahoramasrd.com.do\/index.php?rest_route=%2Fwp%2Fv2%2Ftags&post=70937"}],"curies":[{"name":"wp","href":"https:\/\/api.w.org\/{rel}","templated":true}]}}