{"id":70940,"date":"2024-09-15T15:43:30","date_gmt":"2024-09-15T19:43:30","guid":{"rendered":"https:\/\/ahoramasrd.com.do\/?p=70940"},"modified":"2024-09-15T15:43:31","modified_gmt":"2024-09-15T19:43:31","slug":"el-canal-seis-y-de-ultimo-minuto-media-firman-acuerdo","status":"publish","type":"post","link":"https:\/\/ahoramasrd.com.do\/?p=70940","title":{"rendered":"El Canal Seis y De \u00daltimo Minuto Media firman acuerdo"},"content":{"rendered":"\n<p><\/p>\n\n\n\n<p>\"Noticias De \u00daltimo Minuto\" se transmitir\u00e1 desde este lunes 16 a las 10:00 de la noche por el canal Seis.<\/p>\n\n\n\n<p>Santo Domingo. \u2013 El canal Seis y De \u00daltimo Minuto Media, firmaron un acuerdo de colaboraci\u00f3n para la creaci\u00f3n y difusi\u00f3n de contenidos informativos en la televisi\u00f3n nacional. Este convenio entrar\u00e1 en vigor de manera paulatina a partir de este lunes 16 de septiembre, con la incorporaci\u00f3n de nuevos programas en se\u00f1al abierta.<\/p>\n\n\n\n<p>El contrato fue suscrito por \u00c1lvaro De Camps, presidente de Blackfont Investment, empresa propietaria del Canal Seis, y Melvin de Le\u00f3n, gerente general de De \u00daltimo Minuto Media, marcando un hito en la colaboraci\u00f3n entre ambas empresas, cuyo objetivo es ofrecer una mayor variedad de contenidos noticiosos y de opini\u00f3n para el p\u00fablico dominicano.<\/p>\n\n\n\n<p>H\u00e9ctor Romero, director de De \u00daltimo Minuto, explic\u00f3 que la alianza permitir\u00e1 la producci\u00f3n de programas informativos, de opini\u00f3n y documentales, entre otros. El primer programa en debutar en se\u00f1al abierta ser\u00e1 \"Noticias De \u00daltimo Minuto\", cuya primera emisi\u00f3n ser\u00e1 este lunes a las 10:00 p.m., bajo la conducci\u00f3n de la periodista Wendy Mora. Adem\u00e1s, Romero agreg\u00f3 que se emitir\u00e1n boletines noticiosos cada hora y que ya est\u00e1n trabajando en el lanzamiento de ediciones matutinas y vespertinas del noticiero, el cual ha estado al aire durante m\u00e1s de un a\u00f1o a trav\u00e9s de plataformas digitales y televisi\u00f3n por cable en De \u00daltimo Minuto TV.<\/p>\n\n\n\n<p>Por su parte, \u00c1lvaro De Camps expres\u00f3 que este acuerdo marca el inicio de una transformaci\u00f3n para el Canal Seis, que busca expandir su alcance en todo el territorio dominicano y ofrecer contenido de inter\u00e9s y relevancia para la audiencia.<\/p>\n\n\n\n<p>\u201cEsta alianza refuerza nuestro compromiso con la renovaci\u00f3n y evoluci\u00f3n de nuestro canal, brindando contenidos de calidad a nuestros televidentes\u201d, se\u00f1al\u00f3 De Camps.<\/p>\n\n\n\n<p>Blackfont Investment es un grupo de medios que, adem\u00e1s del Canal Seis, incluye la emisora 100.1 FM y Canal del Sol.<\/p>\n\n\n\n<p>De \u00daltimo Minuto Media, adem\u00e1s del noticiero, tambi\u00e9n produce los programas \"A la Clara con Ram\u00f3n Tolentino\", el programa de investigaci\u00f3n \"Bajo el Foco\", \"Entre Luces y Sombras con H\u00e9ctor Romero\", y \"Politikal\", que tambi\u00e9n se transmite en vivo por la emisora KQ 95.5 FM.<\/p>\n","protected":false},"excerpt":{"rendered":"<p>\"Noticias De \u00daltimo Minuto\" se transmitir\u00e1 desde este lunes 16 a las 10:00 de la noche por el canal Seis. Santo Domingo. \u2013 El canal Seis y De \u00daltimo Minuto Media, firmaron un acuerdo de colaboraci\u00f3n para la creaci\u00f3n y difusi\u00f3n de contenidos informativos en la televisi\u00f3n nacional. Este convenio entrar\u00e1 en vigor de manera [&hellip;]<\/p>\n","protected":false},"author":2,"featured_media":70941,"comment_status":"open","ping_status":"open","sticky":false,"template":"","format":"standard","meta":{"footnotes":""},"categories":[44],"tags":[],"class_list":{"0":"post-70940","1":"post","2":"type-post","3":"status-publish","4":"format-standard","5":"has-post-thumbnail","7":"category-actualidad"},"aioseo_notices":[],"amp_enabled":true,"_links":{"self":[{"href":"https:\/\/ahoramasrd.com.do\/index.php?rest_route=\/wp\/v2\/posts\/70940","targetHints":{"allow":["GET"]}}],"collection":[{"href":"https:\/\/ahoramasrd.com.do\/index.php?rest_route=\/wp\/v2\/posts"}],"about":[{"href":"https:\/\/ahoramasrd.com.do\/index.php?rest_route=\/wp\/v2\/types\/post"}],"author":[{"embeddable":true,"href":"https:\/\/ahoramasrd.com.do\/index.php?rest_route=\/wp\/v2\/users\/2"}],"replies":[{"embeddable":true,"href":"https:\/\/ahoramasrd.com.do\/index.php?rest_route=%2Fwp%2Fv2%2Fcomments&post=70940"}],"version-history":[{"count":0,"href":"https:\/\/ahoramasrd.com.do\/index.php?rest_route=\/wp\/v2\/posts\/70940\/revisions"}],"wp:featuredmedia":[{"embeddable":true,"href":"https:\/\/ahoramasrd.com.do\/index.php?rest_route=\/"}],"wp:attachment":[{"href":"https:\/\/ahoramasrd.com.do\/index.php?rest_route=%2Fwp%2Fv2%2Fmedia&parent=70940"}],"wp:term":[{"taxonomy":"category","embeddable":true,"href":"https:\/\/ahoramasrd.com.do\/index.php?rest_route=%2Fwp%2Fv2%2Fcategories&post=70940"},{"taxonomy":"post_tag","embeddable":true,"href":"https:\/\/ahoramasrd.com.do\/index.php?rest_route=%2Fwp%2Fv2%2Ftags&post=70940"}],"curies":[{"name":"wp","href":"https:\/\/api.w.org\/{rel}","templated":true}]}}