{"id":70946,"date":"2024-09-15T17:38:49","date_gmt":"2024-09-15T21:38:49","guid":{"rendered":"https:\/\/ahoramasrd.com.do\/?p=70946"},"modified":"2024-09-15T17:38:50","modified_gmt":"2024-09-15T21:38:50","slug":"ministerio-de-la-juventud-lleva-jornada-juventud-con-b-de-barrio-a-camboya-barahona","status":"publish","type":"post","link":"https:\/\/ahoramasrd.com.do\/?p=70946","title":{"rendered":"Ministerio de la Juventud lleva jornada \u2018Juventud con B\u2019 de Barrio\u2019 a Camboya, Barahona"},"content":{"rendered":"\n<p>Camboya, Santa Cruz de Barahona.- Con el objetivo de continuar expandiendo los beneficios y oportunidades de desarrollo a los j\u00f3venes dominicanos, el Ministerio de la Juventud, encabezado por Carlos Valdez, traslad\u00f3 la jornada de inclusi\u00f3n social juvenil \u2018Juventud con B\u2019 de Barrio\u2019, al sector Camboya, de la provincia Barahona; donde 19 instituciones gubernamentales se sumaron a la iniciativa para tambi\u00e9n ofrecer sus servicios. La actividad que se llev\u00f3 a cabo durante la ma\u00f1ana y tarde del pasado domingo 15 de septiembre, cont\u00f3 con la presencia del senador de Barahona, Mois\u00e9s Ayala y, la vicealcaldesa de esa provincia, Noelia Suberv\u00ed, entre otras personalidades.\u2063<br>\u2063<br>Con el dise\u00f1o el implementaci\u00f3n de \u2018Juventud con B\u2019 de Barrio\u2019, los j\u00f3venes en edades de 15 a 35 a\u00f1os que residen en condiciones vulnerables en los barrios de la Rep\u00fablica Dominicana, tienen acceso a servicios b\u00e1sicos de diferentes \u00e1reas. \u2063<br>\u2063<br>Durante las palabras de bienvenida y, centrales del acto, Fernando Lagares, viceministro de Emprendimiento del Ministerio de la Juventud, agradeci\u00f3 la presencia y respaldo de las autoridades locales de Barahona, al igual que las entidades gubernamentales que se sumaron a \u2018Juventud con B\u2019 de Barrio\u2019 en esa localidad. \u2063<br>\u2063<br>Lagares ofreci\u00f3 detalles acerca de la jornada de inclusi\u00f3n social juvenil \u2018Juventud con B\u2019 de Barrio\u2019, la cual busca impulsar el acceso a oportunidades que contribuyan al desarrollo personal y profesional de los j\u00f3venes dominicanos.\u2063<br>\u2063<br>\u201cEsto que estamos viviendo hoy aqu\u00ed, es una iniciativa del se\u00f1or presidente Luis Abinader, que, gracias a la direcci\u00f3n de nuestro ministro de la Juventud Carlos Valdez, se hace realidad desarrollando una jornada de inclusi\u00f3n social juvenil en Barahona, en la cual 19 instituciones est\u00e1n impactando de manera directa a la juventud barahonera con oportunidades de becas, emprendimiento, deportes y todos los servicios del gobierno\u201d, precis\u00f3 Lagares.\u2063<br>\u2063<br>Fernando Lagares concluy\u00f3 exhort\u00e1ndole a la juventud a que sean part\u00edcipes de todas las buenas nuevas del Ministerio de la Juventud. \u201cJ\u00f3venes, aprovechen los planes de formaci\u00f3n y emprendimiento, demostremos que Barahona puede m\u00e1s y que se levanta\u201d, cit\u00f3. \u2063<br>\u2063<br>En sus discursos, tanto la vicealcaldesa Noelia Suberv\u00ed, como el senador por la provincia de Barahona, Mois\u00e9s Ayala, expresaron felicitaciones y gratitud a las autoridades del Ministerio de la Juventud por llevar una amplia jornada de inclusi\u00f3n social para los j\u00f3venes de Barahona.\u2063<br>\u2063<br>La actividad, que inici\u00f3 a las 9 de la ma\u00f1ana y culmin\u00f3 pasadas las 5 de la tarde, cont\u00f3 con la presencia de Vicente Luis De Pe\u00f1a Peralta, viceministro T\u00e9cnico y de Planificaci\u00f3n del Ministerio de la Juventud; Elo\u00edsa Luna, viceministra Administrativa y Financiera; Anyelo Ram\u00edrez, viceministro de Extensi\u00f3n Regional; Francisco Santiago, viceministro de Desarrollo de Programas y, directivos del Ministerio de la Juventud. \u2063<br>\u2063<br>Mientras que, entre las personalidades que se dieron cita, figuran la diputada, Sarah F\u00e9liz; Noel Octavio Suberv\u00ed, director de INDESUR; Elson Pe\u00f1a, director Regional de INAPA; Manuel Pineda, director Municipal de INDRHI; Josu\u00e9 P\u00e9rez, director del Plan de Asistencia Social; Deivin Tapia, de la Direcci\u00f3n General de Aduanas y, Francisco Vargas (Pachico), presidente de la Asociaci\u00f3n de Baloncesto de Barahona.\u2063<br>\u2063<br>Los viceministros y autoridades invitadas recorrieron los stands, mientras que los j\u00f3venes y p\u00fablico en general participaron y disfrutaron de las charlas \u201cKLK con Juventud\u201d y \u201cDirecci\u00f3n especializada de atenci\u00f3n a la mujer y violencia intrafamiliar\u201d. Al igual de la actividad recreativa \u201cPolic\u00eda comunitaria\u201d y de la entrega de reconocimientos a los j\u00f3venes que participaron de manera destacada en las actividades. Adem\u00e1s, cada joven disfrut\u00f3 de actividades l\u00fadicas como la organizaci\u00f3n de torneos y encuentros deportivos, como juegos de vitilla y baloncesto, entre otros.\u2063<br>\u2063<br>\u2063<br>19 instituciones aunaron esfuerzos para hacer realidad \u2018Juventud con B\u2019 de Barrio\u2019 en Camboya, Barahona.\u2063<br>\u2063<br>\u2063<br>En la jornada participaron diversas entidades gubernamentales, estas son: la Direcci\u00f3n General de Proyectos Estrat\u00e9gicos y Especiales de la Presidencia (PROPEEP), Comisi\u00f3n Presidencial de Apoyo al Desarrollo Barrial, Comisi\u00f3n Presidencial de Desarrollo Provincial, Gabinete de Coordinaci\u00f3n de Pol\u00edticas Sociales, el Consejo Nacional de Promoci\u00f3n y Apoyo a la Micro, Peque\u00f1a y Mediana Empresa, Polic\u00eda Nacional, Direcci\u00f3n General de las Escuelas Vocacionales de las Fuerzas Armadas y la Polic\u00eda Nacional, Instituto Nacional de Formaci\u00f3n T\u00e9cnico Profesional (INFOTEP), Comedores Econ\u00f3micos y SENASA. La Polic\u00eda de Ni\u00f1os, Ni\u00f1as y Adolescentes, empresa farmac\u00e9utica Acromax Dominicana, Polic\u00eda Comunitaria, Programa de Medicamentos Esenciales y Central de Apoyo Log\u00edstico (PROMESECAL) y Defensor del Pueblo. Asesoramiento en emprendimiento, financiamiento a cargo del Consejo Nacional de Promoci\u00f3n y Apoyo a la Micro, Peque\u00f1a y Mediana Empresa (Promipyme) y Banco Agr\u00edcola de la Rep\u00fablica Dominicana (Bagr\u00edcola), orientaci\u00f3n vocacional de la mano de las Escuelas Vocacionales de las Fuerzas Armadas y acceso a programas de salud y bienestar integral a trav\u00e9s del Ministerio de Salud P\u00fablica. \u2063<br>\u2063<br>Los j\u00f3venes se involucraron y disfrutaron en torneos deportivos de diferentes \u00e1reas: baloncesto, vitilla, voleibol, preparados por el Instituto Nacional de Educaci\u00f3n F\u00edsica (INEFI) y el Ministerio de Deportes.<\/p>\n","protected":false},"excerpt":{"rendered":"<p>Camboya, Santa Cruz de Barahona.- Con el objetivo de continuar expandiendo los beneficios y oportunidades de desarrollo a los j\u00f3venes dominicanos, el Ministerio de la Juventud, encabezado por Carlos Valdez, traslad\u00f3 la jornada de inclusi\u00f3n social juvenil \u2018Juventud con B\u2019 de Barrio\u2019, al sector Camboya, de la provincia Barahona; donde 19 instituciones gubernamentales se sumaron [&hellip;]<\/p>\n","protected":false},"author":2,"featured_media":70947,"comment_status":"open","ping_status":"open","sticky":false,"template":"","format":"standard","meta":{"footnotes":""},"categories":[44],"tags":[845,939,58],"class_list":{"0":"post-70946","1":"post","2":"type-post","3":"status-publish","4":"format-standard","5":"has-post-thumbnail","7":"category-actualidad","8":"tag-ahora-mas-rd","9":"tag-cada-minuto-una-verdad","10":"tag-republica-dominicana"},"aioseo_notices":[],"amp_enabled":true,"_links":{"self":[{"href":"https:\/\/ahoramasrd.com.do\/index.php?rest_route=\/wp\/v2\/posts\/70946","targetHints":{"allow":["GET"]}}],"collection":[{"href":"https:\/\/ahoramasrd.com.do\/index.php?rest_route=\/wp\/v2\/posts"}],"about":[{"href":"https:\/\/ahoramasrd.com.do\/index.php?rest_route=\/wp\/v2\/types\/post"}],"author":[{"embeddable":true,"href":"https:\/\/ahoramasrd.com.do\/index.php?rest_route=\/wp\/v2\/users\/2"}],"replies":[{"embeddable":true,"href":"https:\/\/ahoramasrd.com.do\/index.php?rest_route=%2Fwp%2Fv2%2Fcomments&post=70946"}],"version-history":[{"count":0,"href":"https:\/\/ahoramasrd.com.do\/index.php?rest_route=\/wp\/v2\/posts\/70946\/revisions"}],"wp:featuredmedia":[{"embeddable":true,"href":"https:\/\/ahoramasrd.com.do\/index.php?rest_route=\/"}],"wp:attachment":[{"href":"https:\/\/ahoramasrd.com.do\/index.php?rest_route=%2Fwp%2Fv2%2Fmedia&parent=70946"}],"wp:term":[{"taxonomy":"category","embeddable":true,"href":"https:\/\/ahoramasrd.com.do\/index.php?rest_route=%2Fwp%2Fv2%2Fcategories&post=70946"},{"taxonomy":"post_tag","embeddable":true,"href":"https:\/\/ahoramasrd.com.do\/index.php?rest_route=%2Fwp%2Fv2%2Ftags&post=70946"}],"curies":[{"name":"wp","href":"https:\/\/api.w.org\/{rel}","templated":true}]}}