{"id":70973,"date":"2024-09-20T08:43:59","date_gmt":"2024-09-20T12:43:59","guid":{"rendered":"https:\/\/ahoramasrd.com.do\/?p=70973"},"modified":"2024-09-20T08:43:59","modified_gmt":"2024-09-20T12:43:59","slug":"anuncian-iv-semana-de-justicia-climatica-para-discutir-sobre-crisis-socioambiental","status":"publish","type":"post","link":"https:\/\/ahoramasrd.com.do\/?p=70973","title":{"rendered":"Anuncian IV Semana de Justicia Clim\u00e1tica para discutir sobre crisis socioambiental"},"content":{"rendered":"\n<p>\u00b7 Del 20 al 22 de septiembre, representantes de organizaciones nacionales e internacionales debatir\u00e1n sobre las repercusiones que tiene la crisis clim\u00e1tica en la salud y la vida de los pueblos<br>Organizaciones locales e internacionales que trabajan y promueven la conservaci\u00f3n del medio ambiente inaugurar\u00e1n la \u201cIV Semana de Justicia Clim\u00e1tica\u201d, bajo el lema: por un clima saludable y la defensa del territorio, para debatir sobre los desaf\u00edos que se desprenden de la actual crisis clim\u00e1tica que afecta a las diferentes sociedades<\/p>\n\n\n\n<p>Hablando en nombre de las organizaciones coordinadoras del evento, el representante de la RedAfros, Dar\u00edo Solano explic\u00f3 que se hace urgente promover sociedades saludables bajo un clima que garantice la vida, frente a la crisis clim\u00e1tica que es a la vez, una crisis socioambiental que tiene repercusiones en la salud y la vida de nuestros pueblos de manera diferenciada.<\/p>\n\n\n\n<p>En ese sentido, expuso que una coalici\u00f3n de organizaciones clim\u00e1ticas, ambientales, de salud, afrodescendientes y feministas buscan llamar la atenci\u00f3n sobre la necesidad de identificar alternativas frente a las amenazas que se ciernen sobre nuestros cuerpos y comunidades; y denunciar las falsas soluciones que vienen recetando y que dilatan la acci\u00f3n clim\u00e1tica que demanda el planeta para su preservaci\u00f3n.<\/p>\n\n\n\n<p>\u201cEste encuentro que contar\u00e1 con expositores nacionales e internacionales, se va a celebrar del 20 al 22 de septiembre del presente a\u00f1o, en el Paraninfo de la Facultad de Ciencias Jur\u00eddicas (NU), en la Universidad Aut\u00f3noma de Santo Domingo (UASD)\u201d, detallaron los organizadores en un comunicado de prensa.<\/p>\n\n\n\n<p>Adem\u00e1s de RedAfros, la coordinaci\u00f3n del evento est\u00e1 bajo la responsabilidad del Centro Montalvo, de la Comisi\u00f3n Ambiental de la UASD, del Instituto de Desarrollo de la Econom\u00eda Asociativa (IDEAC), y de otras organizaciones que trabajan con las tem\u00e1ticas que forman parte de la agenda de la IV Semana de Justicia Clim\u00e1tica.<\/p>\n\n\n\n<p>M\u00e1s sobre el evento<br>Como parte de la agenda de la cuarta versi\u00f3n de la semana por la justicia clim\u00e1tica, ser\u00e1n presentadas diversas conferencias y paneles, que ser\u00e1n expuestos por especialistas en: cambio clim\u00e1tico, medio ambiente, sostenibilidad y defensa del territorio.<\/p>\n\n\n\n<p>Para la primera fecha del evento (20 de septiembre 2024), ser\u00e1 presentada la conferencia \u201cLas Pol\u00edticas P\u00fablicas de Cambio Clim\u00e1tico de Rep\u00fablica Dominicana\u201d, que estar\u00e1 a cargo del vicepresidente del Consejo Nacional para el Cambio Clim\u00e1tico y Mecanismo de Desarrollo Limpio, doctor Max Puig.<\/p>\n\n\n\n<p>Durante esa misma jornada, tambi\u00e9n expondr\u00e1 el miembro de la Academia de Ciencias, ambientalista Luis Carvajal, quien presentar\u00e1 una mirada cr\u00edtica entre la pol\u00edtica y el modelo de desarrollo.<\/p>\n\n\n\n<p>Con el tema \u201cLas Falsas Soluciones al Cambio Clim\u00e1tico\u201d, expondr\u00e1 desde Venezuela, Liliana Buitrago, de la Plataforma Latinoamericana y del Caribe por la Justicia Clim\u00e1tica y Osver Polo, del Per\u00fa hablar\u00e1 sobre Agenda global, COP 16 sobre Biodiversidad y COP 29. Perspectiva Cop30.<\/p>\n\n\n\n<p>Durante esa misma jornada, el ambientalista y ex diputado al Parlacen, doctor Carlos S\u00e1nchez, participar\u00e1 en el panel \u201cEfectos del cambio clim\u00e1tico en la salud de la gente y en los territorios, con el tema Humedales de Guerra (Plataforma del agua) ; tambi\u00e9n expondr\u00e1 un representante de la Organizaci\u00f3n Panamericana de la Salud (OPS).<\/p>\n\n\n\n<p>Para la segunda fecha, ser\u00e1 presentado el panel \u201cEl Desaf\u00edo frente a los residuos s\u00f3lidos: una mirada desde la problem\u00e1tica del pl\u00e1stico, en el cual participar\u00e1n: -Alejandra Parra, de GAIA \u2013 Altagracia Paulino, del Observatorio Nacional para la Protecci\u00f3n del Consumidor (ONPECO) y Nelson Bautista, de la Fundaci\u00f3n Acci\u00f3n Verdes. Ser\u00e1 moderado por Heriberta Fern\u00e1ndez.<\/p>\n\n\n\n<p>Otro panel que ser\u00e1 presentado el s\u00e1bado 20, \u201cExperiencias Regionales de resistencia y acompa\u00f1amiento territorial: Desde la dimensi\u00f3n social, anticolonial, humana y espiritual; que tendr\u00e1 como expositores a Camille Chalmers, de PAPDA -Hait\u00ed , Roy Guevara, AfroClimaCC \u2013 Honduras , y el padre Eugenio Rivas, Compa\u00f1\u00eda de Jes\u00fas, con la moderaci\u00f3n de Heriberta Fern\u00e1ndez.<\/p>\n","protected":false},"excerpt":{"rendered":"<p>\u00b7 Del 20 al 22 de septiembre, representantes de organizaciones nacionales e internacionales debatir\u00e1n sobre las repercusiones que tiene la crisis clim\u00e1tica en la salud y la vida de los pueblosOrganizaciones locales e internacionales que trabajan y promueven la conservaci\u00f3n del medio ambiente inaugurar\u00e1n la \u201cIV Semana de Justicia Clim\u00e1tica\u201d, bajo el lema: por un [&hellip;]<\/p>\n","protected":false},"author":2,"featured_media":70974,"comment_status":"open","ping_status":"open","sticky":false,"template":"","format":"standard","meta":{"footnotes":""},"categories":[44],"tags":[845,939,58],"class_list":{"0":"post-70973","1":"post","2":"type-post","3":"status-publish","4":"format-standard","5":"has-post-thumbnail","7":"category-actualidad","8":"tag-ahora-mas-rd","9":"tag-cada-minuto-una-verdad","10":"tag-republica-dominicana"},"aioseo_notices":[],"amp_enabled":true,"_links":{"self":[{"href":"https:\/\/ahoramasrd.com.do\/index.php?rest_route=\/wp\/v2\/posts\/70973","targetHints":{"allow":["GET"]}}],"collection":[{"href":"https:\/\/ahoramasrd.com.do\/index.php?rest_route=\/wp\/v2\/posts"}],"about":[{"href":"https:\/\/ahoramasrd.com.do\/index.php?rest_route=\/wp\/v2\/types\/post"}],"author":[{"embeddable":true,"href":"https:\/\/ahoramasrd.com.do\/index.php?rest_route=\/wp\/v2\/users\/2"}],"replies":[{"embeddable":true,"href":"https:\/\/ahoramasrd.com.do\/index.php?rest_route=%2Fwp%2Fv2%2Fcomments&post=70973"}],"version-history":[{"count":0,"href":"https:\/\/ahoramasrd.com.do\/index.php?rest_route=\/wp\/v2\/posts\/70973\/revisions"}],"wp:featuredmedia":[{"embeddable":true,"href":"https:\/\/ahoramasrd.com.do\/index.php?rest_route=\/"}],"wp:attachment":[{"href":"https:\/\/ahoramasrd.com.do\/index.php?rest_route=%2Fwp%2Fv2%2Fmedia&parent=70973"}],"wp:term":[{"taxonomy":"category","embeddable":true,"href":"https:\/\/ahoramasrd.com.do\/index.php?rest_route=%2Fwp%2Fv2%2Fcategories&post=70973"},{"taxonomy":"post_tag","embeddable":true,"href":"https:\/\/ahoramasrd.com.do\/index.php?rest_route=%2Fwp%2Fv2%2Ftags&post=70973"}],"curies":[{"name":"wp","href":"https:\/\/api.w.org\/{rel}","templated":true}]}}