{"id":70986,"date":"2024-09-20T10:15:47","date_gmt":"2024-09-20T14:15:47","guid":{"rendered":"https:\/\/ahoramasrd.com.do\/?p=70986"},"modified":"2024-09-20T10:15:48","modified_gmt":"2024-09-20T14:15:48","slug":"ramon-alburquerque-defiende-la-autonomia-presidencial-en-la-organizacion-del-poder-ejecutivo","status":"publish","type":"post","link":"https:\/\/ahoramasrd.com.do\/?p=70986","title":{"rendered":"Ram\u00f3n Alburquerque defiende la autonom\u00eda presidencial en la organizaci\u00f3n del Poder Ejecutivo"},"content":{"rendered":"\n<p>El pol\u00edtico y abogado Ram\u00f3n Alburquerque ha generado un intenso debate al afirmar que la Constituci\u00f3n otorga al presidente la autoridad para organizar el Poder Ejecutivo de manera independiente. En un reciente comunicado, Alburquerque destac\u00f3 que el mandatario est\u00e1 obligado a jurar cumplir y hacer cumplir las leyes y los deberes de su cargo, lo que, seg\u00fan \u00e9l, incluye la facultad de realizar fusiones y cambios en la administraci\u00f3n p\u00fablica seg\u00fan su criterio.<\/p>\n\n\n\n<p>\u201cEl presidente tiene el derecho, seg\u00fan nuestra Constituci\u00f3n, de llevar a cabo las modificaciones que considere necesarias para el buen funcionamiento del Estado\u201d, declar\u00f3 Alburquerque, enfatizando que este enfoque es fundamental para una gobernanza efectiva.<\/p>\n\n\n\n<p>La declaraci\u00f3n ha suscitado reacciones diversas entre l\u00edderes pol\u00edticos y ciudadanos. Mientras algunos apoyan la idea de que un presidente tenga la flexibilidad necesaria para adaptarse a las necesidades del pa\u00eds, otros expresan preocupaciones sobre el potencial abuso de poder y la falta de control sobre las decisiones ejecutivas.<\/p>\n\n\n\n<p>Alburquerque cerr\u00f3 su mensaje con un llamado a la apertura del debate p\u00fablico sobre el tema: \u201c\u00a1Viva el debate! Es vital que como sociedad discutamos estos temas fundamentales que afectan nuestra democracia\u201d.<\/p>\n","protected":false},"excerpt":{"rendered":"<p>El pol\u00edtico y abogado Ram\u00f3n Alburquerque ha generado un intenso debate al afirmar que la Constituci\u00f3n otorga al presidente la autoridad para organizar el Poder Ejecutivo de manera independiente. En un reciente comunicado, Alburquerque destac\u00f3 que el mandatario est\u00e1 obligado a jurar cumplir y hacer cumplir las leyes y los deberes de su cargo, lo [&hellip;]<\/p>\n","protected":false},"author":2,"featured_media":70987,"comment_status":"open","ping_status":"open","sticky":false,"template":"","format":"standard","meta":{"footnotes":""},"categories":[44],"tags":[845,939,58],"class_list":{"0":"post-70986","1":"post","2":"type-post","3":"status-publish","4":"format-standard","5":"has-post-thumbnail","7":"category-actualidad","8":"tag-ahora-mas-rd","9":"tag-cada-minuto-una-verdad","10":"tag-republica-dominicana"},"aioseo_notices":[],"amp_enabled":true,"_links":{"self":[{"href":"https:\/\/ahoramasrd.com.do\/index.php?rest_route=\/wp\/v2\/posts\/70986","targetHints":{"allow":["GET"]}}],"collection":[{"href":"https:\/\/ahoramasrd.com.do\/index.php?rest_route=\/wp\/v2\/posts"}],"about":[{"href":"https:\/\/ahoramasrd.com.do\/index.php?rest_route=\/wp\/v2\/types\/post"}],"author":[{"embeddable":true,"href":"https:\/\/ahoramasrd.com.do\/index.php?rest_route=\/wp\/v2\/users\/2"}],"replies":[{"embeddable":true,"href":"https:\/\/ahoramasrd.com.do\/index.php?rest_route=%2Fwp%2Fv2%2Fcomments&post=70986"}],"version-history":[{"count":0,"href":"https:\/\/ahoramasrd.com.do\/index.php?rest_route=\/wp\/v2\/posts\/70986\/revisions"}],"wp:featuredmedia":[{"embeddable":true,"href":"https:\/\/ahoramasrd.com.do\/index.php?rest_route=\/"}],"wp:attachment":[{"href":"https:\/\/ahoramasrd.com.do\/index.php?rest_route=%2Fwp%2Fv2%2Fmedia&parent=70986"}],"wp:term":[{"taxonomy":"category","embeddable":true,"href":"https:\/\/ahoramasrd.com.do\/index.php?rest_route=%2Fwp%2Fv2%2Fcategories&post=70986"},{"taxonomy":"post_tag","embeddable":true,"href":"https:\/\/ahoramasrd.com.do\/index.php?rest_route=%2Fwp%2Fv2%2Ftags&post=70986"}],"curies":[{"name":"wp","href":"https:\/\/api.w.org\/{rel}","templated":true}]}}