{"id":71009,"date":"2024-09-20T20:38:47","date_gmt":"2024-09-21T00:38:47","guid":{"rendered":"https:\/\/ahoramasrd.com.do\/?p=71009"},"modified":"2024-09-20T20:38:48","modified_gmt":"2024-09-21T00:38:48","slug":"exsenador-pld-aristides-victoria-yeb-designado-en-el-consejo-de-directores-del-reservas","status":"publish","type":"post","link":"https:\/\/ahoramasrd.com.do\/?p=71009","title":{"rendered":"Exsenador PLD, Ar\u00edstides Victoria Yeb, designado en el Consejo de Directores del Reservas"},"content":{"rendered":"\n<p>El presidente de la Rep\u00fablica Dominicana, a trav\u00e9s del Decreto 555-24, design\u00f3 al exsenasor del Partido de la Liberaci\u00f3n Dominicana (PLD) Ar\u00edstides Victoria Yeb como nuevo miembro del Consejo de Directores del Banco de Reservas.<\/p>\n\n\n\n<p>Victoria Yeb sustituir\u00e1 a Anel Marcial Veras en el cargo, seg\u00fan lo dispuesto en el art\u00edculo 3 del decreto.<\/p>\n\n\n\n<p>El Decreto 555-24 tambi\u00e9n establece que el art\u00edculo 5 del decreto 373-20, emitido el 21 de agosto de 2020, queda derogado con esta nueva designaci\u00f3n.<\/p>\n\n\n\n<p>El decreto incluye adem\u00e1s la designaci\u00f3n de Besaida Mar\u00eda Manuela Santana Sierra de B\u00e1ez como miembro del Consejo de Directores, quien sustituye a Jes\u00fas Ramos Men\u00e9ndez en el puesto.<\/p>\n","protected":false},"excerpt":{"rendered":"<p>El presidente de la Rep\u00fablica Dominicana, a trav\u00e9s del Decreto 555-24, design\u00f3 al exsenasor del Partido de la Liberaci\u00f3n Dominicana (PLD) Ar\u00edstides Victoria Yeb como nuevo miembro del Consejo de Directores del Banco de Reservas. Victoria Yeb sustituir\u00e1 a Anel Marcial Veras en el cargo, seg\u00fan lo dispuesto en el art\u00edculo 3 del decreto. El [&hellip;]<\/p>\n","protected":false},"author":2,"featured_media":71010,"comment_status":"open","ping_status":"open","sticky":false,"template":"","format":"standard","meta":{"footnotes":""},"categories":[44],"tags":[845,939,58],"class_list":{"0":"post-71009","1":"post","2":"type-post","3":"status-publish","4":"format-standard","5":"has-post-thumbnail","7":"category-actualidad","8":"tag-ahora-mas-rd","9":"tag-cada-minuto-una-verdad","10":"tag-republica-dominicana"},"aioseo_notices":[],"amp_enabled":true,"_links":{"self":[{"href":"https:\/\/ahoramasrd.com.do\/index.php?rest_route=\/wp\/v2\/posts\/71009","targetHints":{"allow":["GET"]}}],"collection":[{"href":"https:\/\/ahoramasrd.com.do\/index.php?rest_route=\/wp\/v2\/posts"}],"about":[{"href":"https:\/\/ahoramasrd.com.do\/index.php?rest_route=\/wp\/v2\/types\/post"}],"author":[{"embeddable":true,"href":"https:\/\/ahoramasrd.com.do\/index.php?rest_route=\/wp\/v2\/users\/2"}],"replies":[{"embeddable":true,"href":"https:\/\/ahoramasrd.com.do\/index.php?rest_route=%2Fwp%2Fv2%2Fcomments&post=71009"}],"version-history":[{"count":0,"href":"https:\/\/ahoramasrd.com.do\/index.php?rest_route=\/wp\/v2\/posts\/71009\/revisions"}],"wp:featuredmedia":[{"embeddable":true,"href":"https:\/\/ahoramasrd.com.do\/index.php?rest_route=\/"}],"wp:attachment":[{"href":"https:\/\/ahoramasrd.com.do\/index.php?rest_route=%2Fwp%2Fv2%2Fmedia&parent=71009"}],"wp:term":[{"taxonomy":"category","embeddable":true,"href":"https:\/\/ahoramasrd.com.do\/index.php?rest_route=%2Fwp%2Fv2%2Fcategories&post=71009"},{"taxonomy":"post_tag","embeddable":true,"href":"https:\/\/ahoramasrd.com.do\/index.php?rest_route=%2Fwp%2Fv2%2Ftags&post=71009"}],"curies":[{"name":"wp","href":"https:\/\/api.w.org\/{rel}","templated":true}]}}