{"id":71012,"date":"2024-09-20T21:31:45","date_gmt":"2024-09-21T01:31:45","guid":{"rendered":"https:\/\/ahoramasrd.com.do\/?p=71012"},"modified":"2024-09-20T21:31:46","modified_gmt":"2024-09-21T01:31:46","slug":"ministerios-de-cultura-de-rd-y-panama-firman-acuerdo-de-cooperacion-cultural-y-artistica","status":"publish","type":"post","link":"https:\/\/ahoramasrd.com.do\/?p=71012","title":{"rendered":"Ministerios de Cultura de RD y Panam\u00e1 firman acuerdo de cooperaci\u00f3n cultural y art\u00edstica"},"content":{"rendered":"\n<p>Panam\u00e1.- En un esfuerzo por estrechar los lazos culturales entre la Rep\u00fablica Dominicana y Panam\u00e1, la ministra de Cultura, Milagros Germ\u00e1n, firm\u00f3 un acuerdo de cooperaci\u00f3n con su hom\u00f3loga paname\u00f1a, Mar\u00eda Eugenia Herrera Correa.<\/p>\n\n\n\n<p>La firma del convenio se realiza en el marco de la visita de la funcionaria a este pa\u00eds centroamericano para participar en el III Di\u00e1logo Regional de Pol\u00edticas de Industrias Culturales y Creativas con Enfoque Intersectorial, organizado por el Banco Interamericano de Desarrollo (BID).<\/p>\n\n\n\n<p>El acuerdo tiene como objetivo principal la promoci\u00f3n y facilitaci\u00f3n de actividades culturales y art\u00edsticas, poniendo especial \u00e9nfasis en la preservaci\u00f3n y promoci\u00f3n del patrimonio cultural, el intercambio de artistas y obras de arte, la organizaci\u00f3n de eventos conjuntos y el desarrollo de programas de capacitaci\u00f3n en arte y cultura.<\/p>\n\n\n\n<p>Germ\u00e1n expres\u00f3 su entusiasmo por la firma del convenio, afirmando que este refuerza el compromiso de ambas naciones por preservar y promover nuestras ra\u00edces culturales, al mismo tiempo que impulsa las industrias creativas de manera sostenible\u201d.<\/p>\n\n\n\n<p>Otros de los temas recogidos en el acuerdo giran en torno a la colaboraci\u00f3n en artes esc\u00e9nicas, con el fomento de coproducciones, intercambios y la participaci\u00f3n mutua en festivales internacionales.<\/p>\n\n\n\n<p>Ambas naciones se comprometieron, adem\u00e1s, a facilitar la circulaci\u00f3n de obras, espect\u00e1culos y publicaciones, as\u00ed como a realizar reuniones regulares entre directores y productores para compartir t\u00e9cnicas y explorar nuevas oportunidades de colaboraci\u00f3n.<\/p>\n\n\n\n<p>En cuanto al cine y las artes audiovisuales, el convenio incluye medidas para facilitar la introducci\u00f3n y difusi\u00f3n de obras cinematogr\u00e1ficas en ambos territorios, adem\u00e1s de promover la coproducci\u00f3n de pel\u00edculas y proyectos audiovisuales. Tambi\u00e9n se prev\u00e9 la organizaci\u00f3n de semanas de cine en cada pa\u00eds, as\u00ed como la participaci\u00f3n de cineastas en talleres y residencias.<\/p>\n\n\n\n<p>Asimismo, el acuerdo promueve la colaboraci\u00f3n en literatura, archivos y bibliotecas, incluyendo la participaci\u00f3n mutua en ferias internacionales del libro y la organizaci\u00f3n de talleres y seminarios conjuntos.<\/p>\n\n\n\n<p>Otros aspectos del acuerdo se refieren a programas de residencias art\u00edsticas, intercambios de experiencias, y la organizaci\u00f3n de seminarios y conversatorios sobre tem\u00e1ticas culturales de inter\u00e9s com\u00fan. Estas actividades se llevar\u00e1n a cabo tanto de manera presencial como virtual, con un presupuesto anual espec\u00edfico aportado por ambas naciones.<\/p>\n\n\n\n<p>El convenio se firm\u00f3 en el marco del acuerdo de intercambio cultural entre Panam\u00e1 y la Rep\u00fablica Dominicana, vigente desde 1974, y representa un nuevo paso hacia el establecimiento de una cooperaci\u00f3n cultural m\u00e1s s\u00f3lida y duradera entre ambos pa\u00edses.<\/p>\n","protected":false},"excerpt":{"rendered":"<p>Panam\u00e1.- En un esfuerzo por estrechar los lazos culturales entre la Rep\u00fablica Dominicana y Panam\u00e1, la ministra de Cultura, Milagros Germ\u00e1n, firm\u00f3 un acuerdo de cooperaci\u00f3n con su hom\u00f3loga paname\u00f1a, Mar\u00eda Eugenia Herrera Correa. La firma del convenio se realiza en el marco de la visita de la funcionaria a este pa\u00eds centroamericano para participar [&hellip;]<\/p>\n","protected":false},"author":2,"featured_media":71013,"comment_status":"open","ping_status":"open","sticky":false,"template":"","format":"standard","meta":{"footnotes":""},"categories":[44],"tags":[845,939,58],"class_list":{"0":"post-71012","1":"post","2":"type-post","3":"status-publish","4":"format-standard","5":"has-post-thumbnail","7":"category-actualidad","8":"tag-ahora-mas-rd","9":"tag-cada-minuto-una-verdad","10":"tag-republica-dominicana"},"aioseo_notices":[],"amp_enabled":true,"_links":{"self":[{"href":"https:\/\/ahoramasrd.com.do\/index.php?rest_route=\/wp\/v2\/posts\/71012","targetHints":{"allow":["GET"]}}],"collection":[{"href":"https:\/\/ahoramasrd.com.do\/index.php?rest_route=\/wp\/v2\/posts"}],"about":[{"href":"https:\/\/ahoramasrd.com.do\/index.php?rest_route=\/wp\/v2\/types\/post"}],"author":[{"embeddable":true,"href":"https:\/\/ahoramasrd.com.do\/index.php?rest_route=\/wp\/v2\/users\/2"}],"replies":[{"embeddable":true,"href":"https:\/\/ahoramasrd.com.do\/index.php?rest_route=%2Fwp%2Fv2%2Fcomments&post=71012"}],"version-history":[{"count":0,"href":"https:\/\/ahoramasrd.com.do\/index.php?rest_route=\/wp\/v2\/posts\/71012\/revisions"}],"wp:featuredmedia":[{"embeddable":true,"href":"https:\/\/ahoramasrd.com.do\/index.php?rest_route=\/"}],"wp:attachment":[{"href":"https:\/\/ahoramasrd.com.do\/index.php?rest_route=%2Fwp%2Fv2%2Fmedia&parent=71012"}],"wp:term":[{"taxonomy":"category","embeddable":true,"href":"https:\/\/ahoramasrd.com.do\/index.php?rest_route=%2Fwp%2Fv2%2Fcategories&post=71012"},{"taxonomy":"post_tag","embeddable":true,"href":"https:\/\/ahoramasrd.com.do\/index.php?rest_route=%2Fwp%2Fv2%2Ftags&post=71012"}],"curies":[{"name":"wp","href":"https:\/\/api.w.org\/{rel}","templated":true}]}}