{"id":71015,"date":"2024-09-20T22:21:13","date_gmt":"2024-09-21T02:21:13","guid":{"rendered":"https:\/\/ahoramasrd.com.do\/?p=71015"},"modified":"2024-09-20T22:21:14","modified_gmt":"2024-09-21T02:21:14","slug":"inicia-primer-simposio-iberoamericano-de-la-comunicacion","status":"publish","type":"post","link":"https:\/\/ahoramasrd.com.do\/?p=71015","title":{"rendered":"Inicia primer Simposio Iberoamericano de la Comunicaci\u00f3n"},"content":{"rendered":"\n<p>Santo Domingo, septiembre de 2024. Miguel Franjul, reconocido director de List\u00edn Diario , comparti\u00f3 su visi\u00f3n sobre la evoluci\u00f3n del periodismo y los desaf\u00edos que enfrenta en la actualidad durante un evento reciente. Franjul destac\u00f3 su privilegio de ser testigo de los avances tecnol\u00f3gicos que han transformado el panorama medi\u00e1tico, desde la llegada de las grabadoras hasta el impacto de Internet y los tel\u00e9fonos m\u00f3viles.<\/p>\n\n\n\n<p>Esta afirmaci\u00f3n la hizo en su participaci\u00f3n en el primer Simposio Iberoamericano de la Comunicaci\u00f3n: Tendencias y Transformaciones en la Era de la Inteligencia Artificial\u2019 organizado por Saraida De Marchena y su empresa Markatel; y por Marta Qu\u00e9liz, presidenta F\u00e1brica de Contenidos.<\/p>\n\n\n\n<p>\u201cDesde 1995, con la aparici\u00f3n de Internet, la humanidad ha experimentado una atomizaci\u00f3n de las comunicaciones que nos ha permitido una conexi\u00f3n instant\u00e1nea, pero tambi\u00e9n ha llevado a una ca\u00edda progresiva en las fuentes de ingresos de los medios tradicionales, que a\u00f1os atr\u00e1s recibimos por los anuncios, suscripciones y las ventas directas\u201d, afirm\u00f3 Franjul.<\/p>\n\n\n\n<p>Precis\u00f3 que la definici\u00f3n de lo que constituye una noticia ha cambiado radicalmente; tomando en cuenta que ahora pr\u00e1cticamente cualquier hecho puede considerarse noticia.<\/p>\n\n\n\n<p>En ese sentido, manifest\u00f3 que el auge de las redes sociales ha revolucionado la comunicaci\u00f3n, permitiendo la participaci\u00f3n directa del usuario, lo que a su vez ha creado un ecosistema donde la informaci\u00f3n fluye con suma rapidez. \u201cEsta realidad representa un desaf\u00edo interesante para los medios, que deben difundir informaci\u00f3n confiable en un mar de contenidos\u201d.<\/p>\n\n\n\n<p>Franjul tambi\u00e9n se refiri\u00f3 a la necesidad de que los medios tradicionales refuercen su compromiso con la sociedad y se adaptan al nuevo paradigma. \u201cConocer a nuestras audiencias es fundamental; debemos entender sus necesidades y preferencias para ofrecer un contenido que sea relevante e interesante\u201d.<\/p>\n\n\n\n<p>Hizo hincapi\u00e9 en que el crecimiento de audiencias en plataformas digitales requiere contenido adaptado a esos formatos. Sin embargo, advirti\u00f3 sobre el riesgo de que la poblaci\u00f3n caiga en un \u2018sedentarismo mental\u2019 debido a la cada vez mayor dependencia de la inteligencia artificial: \u201cLa inteligencia artificial no debe reemplazar el trabajo period\u00edstico que siempre deber\u00e1 estar sujeto a una supervisi\u00f3n cr\u00edtica y comprometida con la verdad\u201d.<\/p>\n\n\n\n<p>En cuanto a la competencia con nuevos actores en el \u00e1mbito del periodismo, Franjul record\u00f3 la importancia de promover un \u201cperiodismo del alma\u201d, que est\u00e9 m\u00e1s cerca de las personas y sus realidades. Inst\u00f3 que \u201clos periodistas debemos salir a las calles, mantener una cercan\u00eda con la poblaci\u00f3n y conectar con las historias humanas que hay detr\u00e1s de las noticias que informamos\u201d.<\/p>\n\n\n\n<p>Franjul dijo que debemos tomar en cuenta la fragmentaci\u00f3n de las audiencias que se han vuelto m\u00e1s selectivas porque buscan contenidos que se ajustan a sus intereses espec\u00edficos. \u201cEsto ha obligado a los medios a especializarse y personalizar la oferta de contenidos para distintos grupos\u201d.<\/p>\n\n\n\n<p>Frente a esta realidad, expuso que es importante utilizar un an\u00e1lisis de datos para entender mejor a las audiencias y ofrecer contenido personalizado, segmentar la audiencia en nichos y desarrollar contenido enfocado en temas de inter\u00e9s particular; as\u00ed como experimentar con narrativas innovadoras para conectarse con audiencias m\u00e1s j\u00f3venes y diversas.<\/p>\n\n\n\n<p>Transformaci\u00f3n de los medios<\/p>\n\n\n\n<p>El veterano periodista dijo que en un entorno tan competitivo, los medios impresos y tradicionales deben reinventar sus formatos y estilos, lo cual implica adaptarse a las nuevas formas de consumo r\u00e1pido, visual y fragmentado y hacer frente a la digitalizaci\u00f3n \u201csin perder su identidad\u201d.<\/p>\n\n\n\n<p>Explic\u00f3 que es necesario desarrollar ediciones h\u00edbridas (impresas y digitales) que se complementan y no compitan entre s\u00ed. \u201cTambi\u00e9n, podemos implementar formatos de \u2018slow periodism\u2019 en la versi\u00f3n impresa, donde el an\u00e1lisis profundo sea la fortaleza, mientras que la inmediatez queda para las plataformas digitales y redise\u00f1ar el formato impreso para hacerlo m\u00e1s atractivo visualmente y compatible con otros medios, como realidad aumentada o contenido interactivo\u201d.<\/p>\n\n\n\n<p>Franjul concluy\u00f3 su participaci\u00f3n afirmando que el buen periodismo nunca perder\u00e1 su esencia. \u201cEl periodista siempre debe auxiliarse de fuentes confiables para discernir la verdad en un mundo inundado de informaci\u00f3n\u201d, subray\u00f3. \u201cEn List\u00edn Diario , estamos comprometidos a evolucionar con los tiempos ya educar a nuestro personal en nuevas tecnolog\u00edas, asegurando as\u00ed que podamos seguir sirviendo a nuestra audiencia con integridad y precisi\u00f3n\u201d.<\/p>\n\n\n\n<p>Su ponencia cont\u00f3 con la moderaci\u00f3n del periodista Jos\u00e9 Peguero, director del peri\u00f3dico www.ensegundos.net y experto en comunicaci\u00f3n digital, quien present\u00f3 herramientas de inteligencia artificial que pueden aportarle contenido a las informaciones que se publican en las diferentes plataformas.<\/p>\n\n\n\n<p>Las palabras de inauguraci\u00f3n del Simposio estuvieron a cargo de Rosaily Rodr\u00edguez, directora de Comunicaciones de la Oficina Gubernamental de Tecnolog\u00edas de la Informaci\u00f3n y Comunicaci\u00f3n (OGTIC).<\/p>\n","protected":false},"excerpt":{"rendered":"<p>Santo Domingo, septiembre de 2024. Miguel Franjul, reconocido director de List\u00edn Diario , comparti\u00f3 su visi\u00f3n sobre la evoluci\u00f3n del periodismo y los desaf\u00edos que enfrenta en la actualidad durante un evento reciente. Franjul destac\u00f3 su privilegio de ser testigo de los avances tecnol\u00f3gicos que han transformado el panorama medi\u00e1tico, desde la llegada de las [&hellip;]<\/p>\n","protected":false},"author":2,"featured_media":71016,"comment_status":"open","ping_status":"open","sticky":false,"template":"","format":"standard","meta":{"footnotes":""},"categories":[44],"tags":[845,939,58],"class_list":{"0":"post-71015","1":"post","2":"type-post","3":"status-publish","4":"format-standard","5":"has-post-thumbnail","7":"category-actualidad","8":"tag-ahora-mas-rd","9":"tag-cada-minuto-una-verdad","10":"tag-republica-dominicana"},"aioseo_notices":[],"amp_enabled":true,"_links":{"self":[{"href":"https:\/\/ahoramasrd.com.do\/index.php?rest_route=\/wp\/v2\/posts\/71015","targetHints":{"allow":["GET"]}}],"collection":[{"href":"https:\/\/ahoramasrd.com.do\/index.php?rest_route=\/wp\/v2\/posts"}],"about":[{"href":"https:\/\/ahoramasrd.com.do\/index.php?rest_route=\/wp\/v2\/types\/post"}],"author":[{"embeddable":true,"href":"https:\/\/ahoramasrd.com.do\/index.php?rest_route=\/wp\/v2\/users\/2"}],"replies":[{"embeddable":true,"href":"https:\/\/ahoramasrd.com.do\/index.php?rest_route=%2Fwp%2Fv2%2Fcomments&post=71015"}],"version-history":[{"count":0,"href":"https:\/\/ahoramasrd.com.do\/index.php?rest_route=\/wp\/v2\/posts\/71015\/revisions"}],"wp:featuredmedia":[{"embeddable":true,"href":"https:\/\/ahoramasrd.com.do\/index.php?rest_route=\/"}],"wp:attachment":[{"href":"https:\/\/ahoramasrd.com.do\/index.php?rest_route=%2Fwp%2Fv2%2Fmedia&parent=71015"}],"wp:term":[{"taxonomy":"category","embeddable":true,"href":"https:\/\/ahoramasrd.com.do\/index.php?rest_route=%2Fwp%2Fv2%2Fcategories&post=71015"},{"taxonomy":"post_tag","embeddable":true,"href":"https:\/\/ahoramasrd.com.do\/index.php?rest_route=%2Fwp%2Fv2%2Ftags&post=71015"}],"curies":[{"name":"wp","href":"https:\/\/api.w.org\/{rel}","templated":true}]}}