{"id":71021,"date":"2024-09-21T15:13:39","date_gmt":"2024-09-21T19:13:39","guid":{"rendered":"https:\/\/ahoramasrd.com.do\/?p=71021"},"modified":"2024-09-21T15:13:40","modified_gmt":"2024-09-21T19:13:40","slug":"operacion-bufalo-nk-aplazan-audiencia-para-el-viernes-27","status":"publish","type":"post","link":"https:\/\/ahoramasrd.com.do\/?p=71021","title":{"rendered":"Operaci\u00f3n B\u00fafalo NK | Aplazan audiencia para el viernes 27"},"content":{"rendered":"\n<p>La Oficina Judicial de Servicios de Atenci\u00f3n Permanente del Distrito Nacional aplaz\u00f3 este s\u00e1bado para el conocimiento de solitud de medidas de coerci\u00f3n contra las 10 personas sometida a la justica por vinculadas a la supuesta red de narcotrafico y lavado de activos desmantelada bajo la Operaci\u00f3n B\u00fafalo NK.<\/p>\n\n\n\n<p>La juez F\u00e1tima Veloz tom\u00f3 aplaz\u00f3 la audiencia para el viernes 27bde septiembre a las 9:00 de la ma\u00f1ana a los fines de que las partes demandada conozcan el expediente y puedan presentar, presupuestos y arraigos.<\/p>\n\n\n\n<p>El Ministerio P\u00fablico solicita prisi\u00f3n preventiva por 18 meses y que declare este caso complejo.<\/p>\n\n\n\n<p>Los imputados son Rafael Ynoa Santana, \u201cel Cojo\u201d e Isidro Rotest\u00e1n Clase \u201cEl Men\u201d acusado de ser los cabecillas; Los otros involucrados son: Juan Bol\u00edvar Hern\u00e1ndez, Jos\u00e9 Antonio Toribio, Juan Henr\u00edque Tav\u00e1rez, Severiano N\u00fa\u00f1ez Pichardo, Germania Mercedes Natali Rom\u00e1n, Maritza Flete Santana alias Karilis, Robert Nicol\u00e1s Acosta Adames y Cristian Esteban Alc\u00e1ntara Javier.<\/p>\n\n\n\n<p>El Ministerio P\u00fablico en conjunto con la Direcci\u00f3n Nacional de Control de Drogas (DNCD), el Ministerio de Defensa, tambi\u00e9n con el apoyo de Organismos de Inteligencia del Estado, la Agencia Antidrogas de Estados Unidos (DEA) y el Comando Sur de Estados Unidos de Norteam\u00e9rica realizaron operativo simultaneo desplegado por aire, mar y tierra, en las provincias Santo Domingo, Puerto Plata, Mar\u00eda Trinidad S\u00e1nchez, La Romana y Saman\u00e1.<\/p>\n","protected":false},"excerpt":{"rendered":"<p>La Oficina Judicial de Servicios de Atenci\u00f3n Permanente del Distrito Nacional aplaz\u00f3 este s\u00e1bado para el conocimiento de solitud de medidas de coerci\u00f3n contra las 10 personas sometida a la justica por vinculadas a la supuesta red de narcotrafico y lavado de activos desmantelada bajo la Operaci\u00f3n B\u00fafalo NK. La juez F\u00e1tima Veloz tom\u00f3 aplaz\u00f3 [&hellip;]<\/p>\n","protected":false},"author":2,"featured_media":71022,"comment_status":"open","ping_status":"open","sticky":false,"template":"","format":"standard","meta":{"footnotes":""},"categories":[44],"tags":[845,939,58],"class_list":{"0":"post-71021","1":"post","2":"type-post","3":"status-publish","4":"format-standard","5":"has-post-thumbnail","7":"category-actualidad","8":"tag-ahora-mas-rd","9":"tag-cada-minuto-una-verdad","10":"tag-republica-dominicana"},"aioseo_notices":[],"amp_enabled":true,"_links":{"self":[{"href":"https:\/\/ahoramasrd.com.do\/index.php?rest_route=\/wp\/v2\/posts\/71021","targetHints":{"allow":["GET"]}}],"collection":[{"href":"https:\/\/ahoramasrd.com.do\/index.php?rest_route=\/wp\/v2\/posts"}],"about":[{"href":"https:\/\/ahoramasrd.com.do\/index.php?rest_route=\/wp\/v2\/types\/post"}],"author":[{"embeddable":true,"href":"https:\/\/ahoramasrd.com.do\/index.php?rest_route=\/wp\/v2\/users\/2"}],"replies":[{"embeddable":true,"href":"https:\/\/ahoramasrd.com.do\/index.php?rest_route=%2Fwp%2Fv2%2Fcomments&post=71021"}],"version-history":[{"count":0,"href":"https:\/\/ahoramasrd.com.do\/index.php?rest_route=\/wp\/v2\/posts\/71021\/revisions"}],"wp:featuredmedia":[{"embeddable":true,"href":"https:\/\/ahoramasrd.com.do\/index.php?rest_route=\/"}],"wp:attachment":[{"href":"https:\/\/ahoramasrd.com.do\/index.php?rest_route=%2Fwp%2Fv2%2Fmedia&parent=71021"}],"wp:term":[{"taxonomy":"category","embeddable":true,"href":"https:\/\/ahoramasrd.com.do\/index.php?rest_route=%2Fwp%2Fv2%2Fcategories&post=71021"},{"taxonomy":"post_tag","embeddable":true,"href":"https:\/\/ahoramasrd.com.do\/index.php?rest_route=%2Fwp%2Fv2%2Ftags&post=71021"}],"curies":[{"name":"wp","href":"https:\/\/api.w.org\/{rel}","templated":true}]}}