{"id":71024,"date":"2024-09-21T16:24:58","date_gmt":"2024-09-21T20:24:58","guid":{"rendered":"https:\/\/ahoramasrd.com.do\/?p=71024"},"modified":"2024-09-21T16:24:59","modified_gmt":"2024-09-21T20:24:59","slug":"victor-gomez-casanova-y-lisette-selman-le-ponen-la-mirada-al-pais-y-al-mundo-por-rtvd-canal-4","status":"publish","type":"post","link":"https:\/\/ahoramasrd.com.do\/?p=71024","title":{"rendered":"V\u00edctor G\u00f3mez Casanova y Lisette Selman le ponen 'La Mirada' al pa\u00eds y al mundo por RTVD Canal 4"},"content":{"rendered":"\n<p>Santo Domingo, Con el firme prop\u00f3sito de ir m\u00e1s all\u00e1 del an\u00e1lisis superficial de las problem\u00e1ticas sociales, el programa de televisi\u00f3n \u201cLa Mirada\u201d se estrena el pr\u00f3ximo 1ro de octubre a las 9:00 p.m. en RTVD Canal 4.<\/p>\n\n\n\n<p>Este innovador espacio, conducido por el reconocido especialista en relaciones gubernamentales y estratega de comunicaci\u00f3n, V\u00edctor G\u00f3mez Casanova, junto a la talentosa comunicadora y especialista en periodismo y comunicaci\u00f3n, Lisette Selman, promete ofrecer no solo un an\u00e1lisis profundo, sino tambi\u00e9n la interacci\u00f3n necesaria para que el p\u00fablico adquiera un aprendizaje y conocimiento m\u00e1s amplios.<\/p>\n\n\n\n<p>\u201cLa Mirada\u201d busca crear un espacio de di\u00e1logo y reflexi\u00f3n, donde los espectadores puedan involucrarse activamente en las discusiones que preocupan a nuestra sociedad. Cada uno de los episodios tendr\u00e1 una duraci\u00f3n de una hora, brindando tiempo suficiente para un enfoque exhaustivo de los temas tratados, as\u00ed como para la interacci\u00f3n con la audiencia.<\/p>\n\n\n\n<p>La producci\u00f3n del programa est\u00e1 a cargo de Roselyn S\u00e1nchez, con un s\u00f3lido equipo de asesores de producci\u00f3n que entre los cuales estar\u00e1n: Jose Luis Candelario, Hugo Devana, Henry Brito, Jos\u00e9 Zeinc, Bianca Santana y Mariano Abreu, quienes trabajar\u00e1n en conjunto para crear un contenido relevante y de calidad.<\/p>\n\n\n\n<p>Presentadores:<br>V\u00edctor G\u00f3mez Casanova: Con una trayectoria que abarca m\u00e1s de dos d\u00e9cadas en los medios de comunicaci\u00f3n, V\u00edctor inici\u00f3 su carrera a los 19 a\u00f1os como presentador de noticias en Centro Noticias del Canal 4, en la entonces Radio Televisi\u00f3n Dominicana CERTV.<\/p>\n\n\n\n<p>Complementando su formaci\u00f3n en centros de estudio en Estados Unidos, Europa y Sudam\u00e9rica, V\u00edctor ha desarrollado una visi\u00f3n cr\u00edtica y anal\u00edtica que enriquecer\u00e1 cada episodio de \u201cLa Mirada\u201d.<\/p>\n\n\n\n<p>Lisette Selman: Ligada siempre al arte y la comunicaci\u00f3n en sus m\u00faltiples vertientes, Lisette ha incursionado en el cine y el teatro, con una vasta experiencia en varias obras y pel\u00edculas a\u00fan por estrenar. Su trayectoria le ha otorgado el respeto y la validaci\u00f3n de sus opiniones. Con un firme compromiso social, utiliza sus plataformas y redes sociales para amplificar las voces que necesitan ser escuchadas.<\/p>\n\n\n\n<p>No pierda la oportunidad de ser parte de este nuevo concepto televisivo que invita a la reflexi\u00f3n y el aprendizaje. \u201cLa Mirada\u201d comenzar\u00e1 a transmitirse el 1ro de octubre a las 9:00 p.m. en RTVD Canal 4.<\/p>\n","protected":false},"excerpt":{"rendered":"<p>Santo Domingo, Con el firme prop\u00f3sito de ir m\u00e1s all\u00e1 del an\u00e1lisis superficial de las problem\u00e1ticas sociales, el programa de televisi\u00f3n \u201cLa Mirada\u201d se estrena el pr\u00f3ximo 1ro de octubre a las 9:00 p.m. en RTVD Canal 4. Este innovador espacio, conducido por el reconocido especialista en relaciones gubernamentales y estratega de comunicaci\u00f3n, V\u00edctor G\u00f3mez [&hellip;]<\/p>\n","protected":false},"author":2,"featured_media":71025,"comment_status":"open","ping_status":"open","sticky":false,"template":"","format":"standard","meta":{"footnotes":""},"categories":[44],"tags":[845,939,58],"class_list":{"0":"post-71024","1":"post","2":"type-post","3":"status-publish","4":"format-standard","5":"has-post-thumbnail","7":"category-actualidad","8":"tag-ahora-mas-rd","9":"tag-cada-minuto-una-verdad","10":"tag-republica-dominicana"},"aioseo_notices":[],"amp_enabled":true,"_links":{"self":[{"href":"https:\/\/ahoramasrd.com.do\/index.php?rest_route=\/wp\/v2\/posts\/71024","targetHints":{"allow":["GET"]}}],"collection":[{"href":"https:\/\/ahoramasrd.com.do\/index.php?rest_route=\/wp\/v2\/posts"}],"about":[{"href":"https:\/\/ahoramasrd.com.do\/index.php?rest_route=\/wp\/v2\/types\/post"}],"author":[{"embeddable":true,"href":"https:\/\/ahoramasrd.com.do\/index.php?rest_route=\/wp\/v2\/users\/2"}],"replies":[{"embeddable":true,"href":"https:\/\/ahoramasrd.com.do\/index.php?rest_route=%2Fwp%2Fv2%2Fcomments&post=71024"}],"version-history":[{"count":0,"href":"https:\/\/ahoramasrd.com.do\/index.php?rest_route=\/wp\/v2\/posts\/71024\/revisions"}],"wp:featuredmedia":[{"embeddable":true,"href":"https:\/\/ahoramasrd.com.do\/index.php?rest_route=\/"}],"wp:attachment":[{"href":"https:\/\/ahoramasrd.com.do\/index.php?rest_route=%2Fwp%2Fv2%2Fmedia&parent=71024"}],"wp:term":[{"taxonomy":"category","embeddable":true,"href":"https:\/\/ahoramasrd.com.do\/index.php?rest_route=%2Fwp%2Fv2%2Fcategories&post=71024"},{"taxonomy":"post_tag","embeddable":true,"href":"https:\/\/ahoramasrd.com.do\/index.php?rest_route=%2Fwp%2Fv2%2Ftags&post=71024"}],"curies":[{"name":"wp","href":"https:\/\/api.w.org\/{rel}","templated":true}]}}