{"id":71233,"date":"2024-10-04T20:04:10","date_gmt":"2024-10-05T00:04:10","guid":{"rendered":"https:\/\/ahoramasrd.com.do\/?p=71233"},"modified":"2024-10-04T20:04:11","modified_gmt":"2024-10-05T00:04:11","slug":"collado-cierra-acuerdos-de-desarrollo-sostenible-en-cumbre-de-onu-turismo","status":"publish","type":"post","link":"https:\/\/ahoramasrd.com.do\/?p=71233","title":{"rendered":"Collado cierra acuerdos de desarrollo sostenible en cumbre de ONU Turismo"},"content":{"rendered":"\n<p>Punta Cana. La Altagracia \u2013El ministro de Turismo, David Collado, calific\u00f3 como un \u00e9xito total la cumbre tur\u00edstica de \u00c1frica y las Am\u00e9ricas, que se llev\u00f3 a cabo durante tres d\u00edas en este reconocido destino y donde participaron m\u00e1s de 30 pa\u00edses de los dos continentes.<\/p>\n\n\n\n<p>El ministro de Turismo de Rep\u00fablica Dominicana expres\u00f3 que durante la cumbre se lleg\u00f3 a consenso sobre puntos coincidentes y los retos que se tiene para impulsar el turismo entre los dos continentes.<\/p>\n\n\n\n<p>\u00abFueron debates muy fruct\u00edferos que tendr\u00e1n un impacto en nuestro turismo a corto, mediano y largo plazo. Sin dudas que esta cumbre de \u00c1frica y las Am\u00e9ricas no pudo ser m\u00e1s exitosa\u00bb, manifest\u00f3 Collado.<\/p>\n\n\n\n<p>Afirm\u00f3 que la declaraci\u00f3n de Punta Cana es un firme compromiso que se ha logrado entre los pa\u00edses de \u00c1frica y Am\u00e9rica, lo que ayudar\u00e1 a impulsar de manera conjunta una agenda de desarrollo SUR \u2013 SUR.<\/p>\n\n\n\n<p>Adem\u00e1s, indic\u00f3 Collado, que los pa\u00edses participantes en la cumbre se comprometieron a hacer una agenda de inversi\u00f3n conjunta enfocada en alcanzar los objetivos de desarrollo sostenible que tienen un impacto directo en el turismo.<\/p>\n\n\n\n<p>\u00abEsto es un hito, porque va a permitir que haya un canal de cooperaci\u00f3n que nunca hab\u00eda existido, para que el turismo sea el arma que una a nuestros pueblos, que desarrollemos agendas culturales, gastron\u00f3micas y ecol\u00f3gicas de turismo y que nuestra diversidad y nuestras similitudes sean el apoyo fundamental para el desarrollo de nuestros pueblos a trav\u00e9s del turismo\u00bb, se\u00f1al\u00f3 el ministro dominicano al hablar con periodistas al finalizar las sesiones de trabajo de este viernes.<\/p>\n\n\n\n<p>El secretario general de ONU Turismo, Zurab Pololikashvili, calific\u00f3 la cumbre como un gran encuentro entre ministros y otros actores del sector, lo que ayudar\u00e1 a impulsar una agenda com\u00fan entre los dos continentes.<\/p>\n\n\n\n<p>Entiende que una de las prioridades es promover las inversiones, ya que \u00absin inversiones no hay desarrollo del turismo\u00bb.<\/p>\n\n\n\n<p>Pololikashvili agradeci\u00f3 la hospitalidad de los dominicanos durante esta cumbre y destac\u00f3 lo que defini\u00f3 como la gran labor del ministro David Collado y su liderazgo en sector a nivel internacional.<\/p>\n\n\n\n<p>Durante tres d\u00edas representantes de 30 pa\u00edses de \u00c1frica y Las Am\u00e9ricas participaron en la cumbre organizada por ONU Turismo, a iniciativa de Rep\u00fablica Dominicana.<\/p>\n\n\n\n<p>Acuerdo sostenibilidad<\/p>\n\n\n\n<p>En el marco de la celebraci\u00f3n de esta Primera Cumbre de ONU-Turismo fue firmado el acuerdo que marca el inicio de un proyecto para desarrollar una Pol\u00edtica y Estrategia de Turismo Sostenible para el pa\u00eds.<\/p>\n\n\n\n<p>El acuerdo fue suscrito por el ministro de Turismo, David Collado y el secretario general de ONU Turismo, Zurab Pololikashvili, con la presencia del presidente de ASONAHORES, David Llibre y Anabel Bueno, embajadora de Rep\u00fablica Dominicana ante la ONU-Turismo<\/p>\n\n\n\n<p>El acuerdo impulsar\u00e1 la formulaci\u00f3n de una Pol\u00edtica y Estrategia de Turismo Sostenible, alineada con los Objetivos de Desarrollo Sostenible de las Naciones Unidas.<\/p>\n\n\n\n<p>El mismo incluye un enfoque integral con fortalecimiento de capacidades, colaboraci\u00f3n de actores clave, comunicaci\u00f3n e innovaci\u00f3n para el desarrollo del turismo sostenible a lo largo de toda la cadena de valor.<\/p>\n","protected":false},"excerpt":{"rendered":"<p>Punta Cana. La Altagracia \u2013El ministro de Turismo, David Collado, calific\u00f3 como un \u00e9xito total la cumbre tur\u00edstica de \u00c1frica y las Am\u00e9ricas, que se llev\u00f3 a cabo durante tres d\u00edas en este reconocido destino y donde participaron m\u00e1s de 30 pa\u00edses de los dos continentes. El ministro de Turismo de Rep\u00fablica Dominicana expres\u00f3 que [&hellip;]<\/p>\n","protected":false},"author":2,"featured_media":71234,"comment_status":"open","ping_status":"open","sticky":false,"template":"","format":"standard","meta":{"footnotes":""},"categories":[46],"tags":[845,939,58],"class_list":{"0":"post-71233","1":"post","2":"type-post","3":"status-publish","4":"format-standard","5":"has-post-thumbnail","7":"category-economia","8":"tag-ahora-mas-rd","9":"tag-cada-minuto-una-verdad","10":"tag-republica-dominicana"},"aioseo_notices":[],"amp_enabled":true,"_links":{"self":[{"href":"https:\/\/ahoramasrd.com.do\/index.php?rest_route=\/wp\/v2\/posts\/71233","targetHints":{"allow":["GET"]}}],"collection":[{"href":"https:\/\/ahoramasrd.com.do\/index.php?rest_route=\/wp\/v2\/posts"}],"about":[{"href":"https:\/\/ahoramasrd.com.do\/index.php?rest_route=\/wp\/v2\/types\/post"}],"author":[{"embeddable":true,"href":"https:\/\/ahoramasrd.com.do\/index.php?rest_route=\/wp\/v2\/users\/2"}],"replies":[{"embeddable":true,"href":"https:\/\/ahoramasrd.com.do\/index.php?rest_route=%2Fwp%2Fv2%2Fcomments&post=71233"}],"version-history":[{"count":0,"href":"https:\/\/ahoramasrd.com.do\/index.php?rest_route=\/wp\/v2\/posts\/71233\/revisions"}],"wp:featuredmedia":[{"embeddable":true,"href":"https:\/\/ahoramasrd.com.do\/index.php?rest_route=\/"}],"wp:attachment":[{"href":"https:\/\/ahoramasrd.com.do\/index.php?rest_route=%2Fwp%2Fv2%2Fmedia&parent=71233"}],"wp:term":[{"taxonomy":"category","embeddable":true,"href":"https:\/\/ahoramasrd.com.do\/index.php?rest_route=%2Fwp%2Fv2%2Fcategories&post=71233"},{"taxonomy":"post_tag","embeddable":true,"href":"https:\/\/ahoramasrd.com.do\/index.php?rest_route=%2Fwp%2Fv2%2Ftags&post=71233"}],"curies":[{"name":"wp","href":"https:\/\/api.w.org\/{rel}","templated":true}]}}