{"id":71243,"date":"2024-10-05T14:49:53","date_gmt":"2024-10-05T18:49:53","guid":{"rendered":"https:\/\/ahoramasrd.com.do\/?p=71243"},"modified":"2024-10-05T14:49:54","modified_gmt":"2024-10-05T18:49:54","slug":"operacion-camaleon-aplazan-para-el-martes-medida-de-coercion-contra-imputados","status":"publish","type":"post","link":"https:\/\/ahoramasrd.com.do\/?p=71243","title":{"rendered":"Operaci\u00f3n Camale\u00f3n: Aplazan para el martes medida de coerci\u00f3n contra imputados"},"content":{"rendered":"\n<p>El juez Rigoberto Sena Ferreras del Juzgado de Atenci\u00f3n Permanente del Distrito Nacional, aplaz\u00f3 para el martes a las 2:00 de la tarde el conocimiento de solicitud de medida de coerci\u00f3n contra el ex director del Instituto Nacional de Tr\u00e1nsito y Transporte Terrestre (Intrant), Hugo Beras y Jochi G\u00f3mez, principales imputados en caso Camale\u00f3n.<\/p>\n\n\n\n<p>El magistrado adopt\u00f3 la decisi\u00f3n acogiendo un pedimento de los abogados de los imputados quienes requirieron tiempo para estudiar el expediente acusatorio del caso.<\/p>\n\n\n\n<p>Durante la Operaci\u00f3n Camale\u00f3n se allanaron residencias y empresas en el Distrito Nacional, Santo Domingo Este, San Crist\u00f3bal y Punta Cana. En este operativo participaron, aproximadamente, 170 efectivos de la Polic\u00eda Nacional, Unidades Especiales y m\u00e1s de 30 fiscales especializados contra el crimen organizado.<\/p>\n\n\n\n<p>Las autoridades revelaron que los imputados en la Operaci\u00f3n Camale\u00f3n son el exdirector del Instituto Nacional de Tr\u00e1nsito y Transporte Terrestre (INTRANT), Hugo Beras; Frank D\u00edaz Warden, coordinador de Despacho y representante de Beras ante el Comit\u00e9 de Compras del INTRANT; Samuel Gregorio Baquero Sep\u00falveda, exdirector de tecnolog\u00eda del INTRANT; Jos\u00e9 \u00c1ngel G\u00f3mez Cana\u00e1n (Jochi), propietario de la empresa Aurix S.A.S.; Pedro Vinicio Padovani B\u00e1ez, exencargado del Centro de Control de Tr\u00e1fico del INTRANT; Juan Francisco \u00c1lvarez Carbuccia, director administrativo y financiero del INTRANT y Carlos Jos\u00e9 Peguero Vargas.<\/p>\n","protected":false},"excerpt":{"rendered":"<p>El juez Rigoberto Sena Ferreras del Juzgado de Atenci\u00f3n Permanente del Distrito Nacional, aplaz\u00f3 para el martes a las 2:00 de la tarde el conocimiento de solicitud de medida de coerci\u00f3n contra el ex director del Instituto Nacional de Tr\u00e1nsito y Transporte Terrestre (Intrant), Hugo Beras y Jochi G\u00f3mez, principales imputados en caso Camale\u00f3n. El [&hellip;]<\/p>\n","protected":false},"author":2,"featured_media":71244,"comment_status":"open","ping_status":"open","sticky":false,"template":"","format":"standard","meta":{"footnotes":""},"categories":[44],"tags":[845,939,58],"class_list":{"0":"post-71243","1":"post","2":"type-post","3":"status-publish","4":"format-standard","5":"has-post-thumbnail","7":"category-actualidad","8":"tag-ahora-mas-rd","9":"tag-cada-minuto-una-verdad","10":"tag-republica-dominicana"},"aioseo_notices":[],"amp_enabled":true,"_links":{"self":[{"href":"https:\/\/ahoramasrd.com.do\/index.php?rest_route=\/wp\/v2\/posts\/71243","targetHints":{"allow":["GET"]}}],"collection":[{"href":"https:\/\/ahoramasrd.com.do\/index.php?rest_route=\/wp\/v2\/posts"}],"about":[{"href":"https:\/\/ahoramasrd.com.do\/index.php?rest_route=\/wp\/v2\/types\/post"}],"author":[{"embeddable":true,"href":"https:\/\/ahoramasrd.com.do\/index.php?rest_route=\/wp\/v2\/users\/2"}],"replies":[{"embeddable":true,"href":"https:\/\/ahoramasrd.com.do\/index.php?rest_route=%2Fwp%2Fv2%2Fcomments&post=71243"}],"version-history":[{"count":0,"href":"https:\/\/ahoramasrd.com.do\/index.php?rest_route=\/wp\/v2\/posts\/71243\/revisions"}],"wp:featuredmedia":[{"embeddable":true,"href":"https:\/\/ahoramasrd.com.do\/index.php?rest_route=\/"}],"wp:attachment":[{"href":"https:\/\/ahoramasrd.com.do\/index.php?rest_route=%2Fwp%2Fv2%2Fmedia&parent=71243"}],"wp:term":[{"taxonomy":"category","embeddable":true,"href":"https:\/\/ahoramasrd.com.do\/index.php?rest_route=%2Fwp%2Fv2%2Fcategories&post=71243"},{"taxonomy":"post_tag","embeddable":true,"href":"https:\/\/ahoramasrd.com.do\/index.php?rest_route=%2Fwp%2Fv2%2Ftags&post=71243"}],"curies":[{"name":"wp","href":"https:\/\/api.w.org\/{rel}","templated":true}]}}