{"id":71574,"date":"2024-10-20T11:45:30","date_gmt":"2024-10-20T15:45:30","guid":{"rendered":"https:\/\/ahoramasrd.com.do\/?p=71574"},"modified":"2024-10-20T11:45:31","modified_gmt":"2024-10-20T15:45:31","slug":"fiagc-plantea-necesidad-de-la-cooperacion-internacional-en-beneficios-de-los-consumidores","status":"publish","type":"post","link":"https:\/\/ahoramasrd.com.do\/?p=71574","title":{"rendered":"FIAGC plantea necesidad de la cooperaci\u00f3n internacional en beneficios de los consumidores"},"content":{"rendered":"\n<p>La entidad regional es presidida por el director ejecutivo de Pro Consumidor, Eddy Alc\u00e1ntara.<br>Santo Domingo. \u2013 El Foro Iberoamericano de Agencias Gubernamentales de Protecci\u00f3n al Consumidor (FIAGC) que preside la Rep\u00fablica Dominicana en la persona del director ejecutivo del Instituto Nacional de Protecci\u00f3n de los Derechos del Consumidor (Pro Consumidor), Eddy Alc\u00e1ntara Castillo,<br>plante\u00f3 en la Reuni\u00f3n Ministerial de Pol\u00edticas de Consumo, celebrada en Par\u00eds, que se hace necesario impulsar cambios significativos que trasciendan cada vez m\u00e1s las fronteras nacionales, \u201ccon el entendido de que los consumidores no pertenecen a un pa\u00eds, sino al mundo entero\u201d.<\/p>\n\n\n\n<p>En la reuni\u00f3n, coordinada por la Organizaci\u00f3n para la Cooperaci\u00f3n y el Desarrollo Econ\u00f3mico (OCDE), habl\u00f3 en nombre del FIAGC, que agrupa a los 22 pa\u00edses de Iberoam\u00e9rica, el subsecretario de Defensa del Consumidor y Lealtad Comercial de Argentina, Fernando Blanco Mui\u00f1o.<\/p>\n\n\n\n<p>En su intervenci\u00f3n, Blanco Mui\u00f1o afirm\u00f3 que uno de los objetivos de ese \u00f3rgano iberoamericano es hacer de la protecci\u00f3n del consumidor una prioridad colectiva, traduciendo los debates en acciones concretas que mejoren su calidad de vida y bienestar.<\/p>\n\n\n\n<p>\u201cEste a\u00f1o, hemos incrementado las relaciones con la OCDE y con otros organismos internacionales como la UNCTAD y la Secretar\u00eda General Iberoamericana (SEGIB), reconociendo que la cooperaci\u00f3n es esencial, en el mundo interconectado de hoy, para lograr objetivos y resultados que puedan tener impactos y cambios reales para los consumidores\u201d, indic\u00f3.<\/p>\n\n\n\n<p>En ese sentido, agreg\u00f3 que est\u00e1n trabajando con la SEGIB en un conjunto de directrices sobre protecci\u00f3n del consumidor en entornos digitales, para su aprobaci\u00f3n en la pr\u00f3xima cumbre de jefes de Estado y de Gobierno de ese organismo, en noviembre.<\/p>\n\n\n\n<p>Igualmente, el funcionario argentino present\u00f3 los logros alcanzado por el FIAGC en la presidencia del doctor Eddy Alc\u00e1ntara, destacando el proyecto de Declaraci\u00f3n sobre resoluci\u00f3n y reparaci\u00f3n de disputas transfronterizas en materia de consumo al Grupo Intergubernamental de Expertos de la UNCTAD, el cual fue aprobado el pasado mes de julio en Ginebra y que ser\u00e1 presentado en la Asamblea General de la Organizaci\u00f3n de las Naciones Unidas (ONU) en el 2025.<\/p>\n\n\n\n<p>Asimismo, Blanco Mui\u00f1o dijo que los objetivos a futuro del FIAGC son mejorar la colaboraci\u00f3n OCDE, coordinando actividades conjuntas para obtener resultados tangibles.<\/p>\n\n\n\n<p>Adem\u00e1s, solicitar a los miembros de ese organismo que apoyen la Declaraci\u00f3n aprobada por la UNCTAD sobre resoluci\u00f3n de disputas transfronterizas en materia de consumo.<\/p>\n\n\n\n<p>Tambi\u00e9n desarrollar un documento que describa acciones concretas para resolver conflictos transfronterizos de consumidores y aumentar la accesibilidad ling\u00fc\u00edstica en las reuniones de la OCDE, incluido el espa\u00f1ol, primera lengua de los miembros del FIAGC.<\/p>\n\n\n\n<p>\u201cCreemos que estos pasos impulsar\u00e1n un cambio significativo en los consumidores de todo el mundo\u201d, acot\u00f3 finalmente.<\/p>\n","protected":false},"excerpt":{"rendered":"<p>La entidad regional es presidida por el director ejecutivo de Pro Consumidor, Eddy Alc\u00e1ntara.Santo Domingo. \u2013 El Foro Iberoamericano de Agencias Gubernamentales de Protecci\u00f3n al Consumidor (FIAGC) que preside la Rep\u00fablica Dominicana en la persona del director ejecutivo del Instituto Nacional de Protecci\u00f3n de los Derechos del Consumidor (Pro Consumidor), Eddy Alc\u00e1ntara Castillo,plante\u00f3 en la [&hellip;]<\/p>\n","protected":false},"author":2,"featured_media":71575,"comment_status":"open","ping_status":"open","sticky":false,"template":"","format":"standard","meta":{"footnotes":""},"categories":[44],"tags":[845,939,58],"class_list":{"0":"post-71574","1":"post","2":"type-post","3":"status-publish","4":"format-standard","5":"has-post-thumbnail","7":"category-actualidad","8":"tag-ahora-mas-rd","9":"tag-cada-minuto-una-verdad","10":"tag-republica-dominicana"},"aioseo_notices":[],"amp_enabled":true,"_links":{"self":[{"href":"https:\/\/ahoramasrd.com.do\/index.php?rest_route=\/wp\/v2\/posts\/71574","targetHints":{"allow":["GET"]}}],"collection":[{"href":"https:\/\/ahoramasrd.com.do\/index.php?rest_route=\/wp\/v2\/posts"}],"about":[{"href":"https:\/\/ahoramasrd.com.do\/index.php?rest_route=\/wp\/v2\/types\/post"}],"author":[{"embeddable":true,"href":"https:\/\/ahoramasrd.com.do\/index.php?rest_route=\/wp\/v2\/users\/2"}],"replies":[{"embeddable":true,"href":"https:\/\/ahoramasrd.com.do\/index.php?rest_route=%2Fwp%2Fv2%2Fcomments&post=71574"}],"version-history":[{"count":0,"href":"https:\/\/ahoramasrd.com.do\/index.php?rest_route=\/wp\/v2\/posts\/71574\/revisions"}],"wp:featuredmedia":[{"embeddable":true,"href":"https:\/\/ahoramasrd.com.do\/index.php?rest_route=\/"}],"wp:attachment":[{"href":"https:\/\/ahoramasrd.com.do\/index.php?rest_route=%2Fwp%2Fv2%2Fmedia&parent=71574"}],"wp:term":[{"taxonomy":"category","embeddable":true,"href":"https:\/\/ahoramasrd.com.do\/index.php?rest_route=%2Fwp%2Fv2%2Fcategories&post=71574"},{"taxonomy":"post_tag","embeddable":true,"href":"https:\/\/ahoramasrd.com.do\/index.php?rest_route=%2Fwp%2Fv2%2Ftags&post=71574"}],"curies":[{"name":"wp","href":"https:\/\/api.w.org\/{rel}","templated":true}]}}