{"id":71578,"date":"2024-10-20T15:11:21","date_gmt":"2024-10-20T19:11:21","guid":{"rendered":"https:\/\/ahoramasrd.com.do\/?p=71578"},"modified":"2024-10-20T15:11:22","modified_gmt":"2024-10-20T19:11:22","slug":"presidente-del-codessd-abinader-acaba-de-tomar-una-decision-sabia-basada-en-el-sentir-del-pueblo","status":"publish","type":"post","link":"https:\/\/ahoramasrd.com.do\/?p=71578","title":{"rendered":"Presidente del Codessd: Abinader acaba de tomar una decisi\u00f3n sabia, basada en el sentir del pueblo"},"content":{"rendered":"\n<p>El presidente del Consejo de Desarrollo Econ\u00f3mico y Social de Santo Domingo (Codessd), Samuel Sena, valor\u00f3 como sabia la decisi\u00f3n del presidente Luis Abinader de ordenar el retiro del Congreso Nacional del proyecto de Ley de Modernizaci\u00f3n Fiscal.<\/p>\n\n\n\n<p>\u201cEl presidente Luis Abinader acaba de tomar una decisi\u00f3n sabia, basada en el sentir de todo un pueblo\u201d, sostuvo Sena, a trav\u00e9s de su cuenta de X.<\/p>\n\n\n\n<p>A\u00f1adi\u00f3 que desde la entidad que preside felicitaba la acci\u00f3n, al tiempo de proponer iniciar en el Consejo Econ\u00f3mico y Social (CES), \u201cun proceso de an\u00e1lisis y b\u00fasqueda de consenso para cumplir con la Ley 1-12\u201d.<\/p>\n","protected":false},"excerpt":{"rendered":"<p>El presidente del Consejo de Desarrollo Econ\u00f3mico y Social de Santo Domingo (Codessd), Samuel Sena, valor\u00f3 como sabia la decisi\u00f3n del presidente Luis Abinader de ordenar el retiro del Congreso Nacional del proyecto de Ley de Modernizaci\u00f3n Fiscal. \u201cEl presidente Luis Abinader acaba de tomar una decisi\u00f3n sabia, basada en el sentir de todo un [&hellip;]<\/p>\n","protected":false},"author":2,"featured_media":71579,"comment_status":"open","ping_status":"open","sticky":false,"template":"","format":"standard","meta":{"footnotes":""},"categories":[44],"tags":[845,939,58],"class_list":{"0":"post-71578","1":"post","2":"type-post","3":"status-publish","4":"format-standard","5":"has-post-thumbnail","7":"category-actualidad","8":"tag-ahora-mas-rd","9":"tag-cada-minuto-una-verdad","10":"tag-republica-dominicana"},"aioseo_notices":[],"amp_enabled":true,"_links":{"self":[{"href":"https:\/\/ahoramasrd.com.do\/index.php?rest_route=\/wp\/v2\/posts\/71578","targetHints":{"allow":["GET"]}}],"collection":[{"href":"https:\/\/ahoramasrd.com.do\/index.php?rest_route=\/wp\/v2\/posts"}],"about":[{"href":"https:\/\/ahoramasrd.com.do\/index.php?rest_route=\/wp\/v2\/types\/post"}],"author":[{"embeddable":true,"href":"https:\/\/ahoramasrd.com.do\/index.php?rest_route=\/wp\/v2\/users\/2"}],"replies":[{"embeddable":true,"href":"https:\/\/ahoramasrd.com.do\/index.php?rest_route=%2Fwp%2Fv2%2Fcomments&post=71578"}],"version-history":[{"count":0,"href":"https:\/\/ahoramasrd.com.do\/index.php?rest_route=\/wp\/v2\/posts\/71578\/revisions"}],"wp:featuredmedia":[{"embeddable":true,"href":"https:\/\/ahoramasrd.com.do\/index.php?rest_route=\/"}],"wp:attachment":[{"href":"https:\/\/ahoramasrd.com.do\/index.php?rest_route=%2Fwp%2Fv2%2Fmedia&parent=71578"}],"wp:term":[{"taxonomy":"category","embeddable":true,"href":"https:\/\/ahoramasrd.com.do\/index.php?rest_route=%2Fwp%2Fv2%2Fcategories&post=71578"},{"taxonomy":"post_tag","embeddable":true,"href":"https:\/\/ahoramasrd.com.do\/index.php?rest_route=%2Fwp%2Fv2%2Ftags&post=71578"}],"curies":[{"name":"wp","href":"https:\/\/api.w.org\/{rel}","templated":true}]}}