{"id":71581,"date":"2024-10-20T16:12:26","date_gmt":"2024-10-20T20:12:26","guid":{"rendered":"https:\/\/ahoramasrd.com.do\/?p=71581"},"modified":"2024-10-20T16:12:27","modified_gmt":"2024-10-20T20:12:27","slug":"roberto-fulcar-pondera-retiro-proyecto-de-modernizacion-fiscal","status":"publish","type":"post","link":"https:\/\/ahoramasrd.com.do\/?p=71581","title":{"rendered":"Roberto Fulcar pondera retiro proyecto de Modernizaci\u00f3n Fiscal"},"content":{"rendered":"\n<p>El presidente de la Comisi\u00f3n Nacional de Estrategia del Partido Revolucionario Moderno (PRM), Roberto Fulcar, ponder\u00f3 como un acto enaltecedor la decisi\u00f3n del presidente Luis Abinader de retirar del Congreso Nacional el proyecto de Ley de Modernizaci\u00f3n Fiscal, afirmando que este acto no s\u00f3lo refleja la humildad, tolerancia y empat\u00eda del presidente hacia el sentir del pueblo, sino que adem\u00e1s desmantela los aprestos de sectores opositores por generar confrontaciones y agitaci\u00f3n pol\u00edtica en el pa\u00eds.<\/p>\n\n\n\n<p>\u201cEste d\u00eda debe ser recordado como un ejemplo para todos los l\u00edderes pol\u00edticos dominicanos, porque el presidente Abinader, con este gesto de humildad, demuestra lo que significa ejercer un liderazgo verdaderamente democr\u00e1tico. El retiro de un proyecto que pudo haber sido aprobado con facilidad por la mayor\u00eda congresual del PRM subraya su compromiso de gobernar escuchando a la gente, priorizando el bienestar de la naci\u00f3n sobre los intereses partidistas\u201d, afirm\u00f3 Fulcar.<\/p>\n\n\n\n<p>El pasado ministro de Educaci\u00f3n a\u00f1adi\u00f3 que este d\u00eda deber\u00eda servir como \u201cun llamado de atenci\u00f3n a todos los actores pol\u00edticos para que comprendan que, sin importar las diferencias, somos una sola naci\u00f3n. Ojal\u00e1 el liderazgo pol\u00edtico comprenda que, por encima de las diferencias, debemos avanzar juntos, sin sectarismos ni retaliaciones, sino con un ejercicio de liderazgo responsable y trascendente, orientado hacia el bienestar com\u00fan\u201d.<\/p>\n\n\n\n<p>El destacado dirigente perremeista afirm\u00f3 que el presidente Abinader, al tomar esta decisi\u00f3n, \u201cno solo reafirma su calidad de dem\u00f3crata, sino que tambi\u00e9n desarma los planes de aquellos que intentaban aprovechar la propuesta de Modernizaci\u00f3n Fiscal para fomentar la inestabilidad y polarizaci\u00f3n\u201d. Asimismo destac\u00f3 que su disposici\u00f3n a rectificar y dialogar refuerza su imagen como un gobernante cercano al pueblo, un l\u00edder que pone el inter\u00e9s nacional por encima de cualquier c\u00e1lculo pol\u00edtico.<\/p>\n\n\n\n<p>El Dr. Fulcar enfatiz\u00f3 en que \u201cHoy, m\u00e1s que nunca, necesitamos construir un pa\u00eds unido, donde las decisiones se tomen pensando en el bienestar de todos los dominicanos, no en divisiones artificiales. El liderazgo responsable, como el que ha demostrado el presidente Abinader, es el que necesitamos para seguir avanzando como naci\u00f3n\u201d.<\/p>\n\n\n\n<p>Este gesto, seg\u00fan el ministro Roberto Fulcar, no solo refuerza la estabilidad pol\u00edtica y social del pa\u00eds, sino que tambi\u00e9n marca un hito en la historia democr\u00e1tica de la Rep\u00fablica Dominicana, dejando un legado de humildad, empat\u00eda y verdadero compromiso con el pueblo dominicano.<\/p>\n","protected":false},"excerpt":{"rendered":"<p>El presidente de la Comisi\u00f3n Nacional de Estrategia del Partido Revolucionario Moderno (PRM), Roberto Fulcar, ponder\u00f3 como un acto enaltecedor la decisi\u00f3n del presidente Luis Abinader de retirar del Congreso Nacional el proyecto de Ley de Modernizaci\u00f3n Fiscal, afirmando que este acto no s\u00f3lo refleja la humildad, tolerancia y empat\u00eda del presidente hacia el sentir [&hellip;]<\/p>\n","protected":false},"author":2,"featured_media":71582,"comment_status":"open","ping_status":"open","sticky":false,"template":"","format":"standard","meta":{"footnotes":""},"categories":[44],"tags":[845,939,58],"class_list":{"0":"post-71581","1":"post","2":"type-post","3":"status-publish","4":"format-standard","5":"has-post-thumbnail","7":"category-actualidad","8":"tag-ahora-mas-rd","9":"tag-cada-minuto-una-verdad","10":"tag-republica-dominicana"},"aioseo_notices":[],"amp_enabled":true,"_links":{"self":[{"href":"https:\/\/ahoramasrd.com.do\/index.php?rest_route=\/wp\/v2\/posts\/71581","targetHints":{"allow":["GET"]}}],"collection":[{"href":"https:\/\/ahoramasrd.com.do\/index.php?rest_route=\/wp\/v2\/posts"}],"about":[{"href":"https:\/\/ahoramasrd.com.do\/index.php?rest_route=\/wp\/v2\/types\/post"}],"author":[{"embeddable":true,"href":"https:\/\/ahoramasrd.com.do\/index.php?rest_route=\/wp\/v2\/users\/2"}],"replies":[{"embeddable":true,"href":"https:\/\/ahoramasrd.com.do\/index.php?rest_route=%2Fwp%2Fv2%2Fcomments&post=71581"}],"version-history":[{"count":0,"href":"https:\/\/ahoramasrd.com.do\/index.php?rest_route=\/wp\/v2\/posts\/71581\/revisions"}],"wp:featuredmedia":[{"embeddable":true,"href":"https:\/\/ahoramasrd.com.do\/index.php?rest_route=\/"}],"wp:attachment":[{"href":"https:\/\/ahoramasrd.com.do\/index.php?rest_route=%2Fwp%2Fv2%2Fmedia&parent=71581"}],"wp:term":[{"taxonomy":"category","embeddable":true,"href":"https:\/\/ahoramasrd.com.do\/index.php?rest_route=%2Fwp%2Fv2%2Fcategories&post=71581"},{"taxonomy":"post_tag","embeddable":true,"href":"https:\/\/ahoramasrd.com.do\/index.php?rest_route=%2Fwp%2Fv2%2Ftags&post=71581"}],"curies":[{"name":"wp","href":"https:\/\/api.w.org\/{rel}","templated":true}]}}