{"id":71584,"date":"2024-10-20T20:19:06","date_gmt":"2024-10-21T00:19:06","guid":{"rendered":"https:\/\/ahoramasrd.com.do\/?p=71584"},"modified":"2024-10-20T20:19:07","modified_gmt":"2024-10-21T00:19:07","slug":"presidente-anpa-saluda-retiro-de-reforma-fiscal-del-congreso-nacional-por-parte-de-abinader","status":"publish","type":"post","link":"https:\/\/ahoramasrd.com.do\/?p=71584","title":{"rendered":"Presidente ANPA saluda retiro de reforma fiscal del Congreso Nacional por parte de Abinader"},"content":{"rendered":"\n<p>El presidente de la Asociaci\u00f3n Nacional de Profesionales Agropecuarios (ANPA), agr\u00f3nomo Tito Hern\u00e1ndez, salud\u00f3 la decisi\u00f3n del presidente de la Rep\u00fablica, Luis Abinader, de retirar la reforma fiscal del Congreso Nacional.<\/p>\n\n\n\n<p>Dijo que como representante de los profesionales agropecuarios, reconocemos que esta decisi\u00f3n est\u00e1 en sinton\u00eda con las aspiraciones del pueblo dominicano, en especial, de aquellos que trabajan d\u00eda a d\u00eda por la seguridad alimentaria de nuestra naci\u00f3n.<\/p>\n\n\n\n<p>Manifest\u00f3 que la Anpa reitera su compromiso de colaborar con el gobierno en todo lo relacionado con la producci\u00f3n de alimentos y el fortalecimiento del sector agropecuario.<\/p>\n\n\n\n<p>\u201cNuestra disposici\u00f3n para trabajar en conjunto se mantiene firme, con el objetivo de garantizar el bienestar de los agricultores, productores y consumidores dominicanos\u201d, puntualiz\u00f3<\/p>\n","protected":false},"excerpt":{"rendered":"<p>El presidente de la Asociaci\u00f3n Nacional de Profesionales Agropecuarios (ANPA), agr\u00f3nomo Tito Hern\u00e1ndez, salud\u00f3 la decisi\u00f3n del presidente de la Rep\u00fablica, Luis Abinader, de retirar la reforma fiscal del Congreso Nacional. Dijo que como representante de los profesionales agropecuarios, reconocemos que esta decisi\u00f3n est\u00e1 en sinton\u00eda con las aspiraciones del pueblo dominicano, en especial, de [&hellip;]<\/p>\n","protected":false},"author":2,"featured_media":71585,"comment_status":"open","ping_status":"open","sticky":false,"template":"","format":"standard","meta":{"footnotes":""},"categories":[44],"tags":[845,939,58],"class_list":{"0":"post-71584","1":"post","2":"type-post","3":"status-publish","4":"format-standard","5":"has-post-thumbnail","7":"category-actualidad","8":"tag-ahora-mas-rd","9":"tag-cada-minuto-una-verdad","10":"tag-republica-dominicana"},"aioseo_notices":[],"amp_enabled":true,"_links":{"self":[{"href":"https:\/\/ahoramasrd.com.do\/index.php?rest_route=\/wp\/v2\/posts\/71584","targetHints":{"allow":["GET"]}}],"collection":[{"href":"https:\/\/ahoramasrd.com.do\/index.php?rest_route=\/wp\/v2\/posts"}],"about":[{"href":"https:\/\/ahoramasrd.com.do\/index.php?rest_route=\/wp\/v2\/types\/post"}],"author":[{"embeddable":true,"href":"https:\/\/ahoramasrd.com.do\/index.php?rest_route=\/wp\/v2\/users\/2"}],"replies":[{"embeddable":true,"href":"https:\/\/ahoramasrd.com.do\/index.php?rest_route=%2Fwp%2Fv2%2Fcomments&post=71584"}],"version-history":[{"count":0,"href":"https:\/\/ahoramasrd.com.do\/index.php?rest_route=\/wp\/v2\/posts\/71584\/revisions"}],"wp:featuredmedia":[{"embeddable":true,"href":"https:\/\/ahoramasrd.com.do\/index.php?rest_route=\/"}],"wp:attachment":[{"href":"https:\/\/ahoramasrd.com.do\/index.php?rest_route=%2Fwp%2Fv2%2Fmedia&parent=71584"}],"wp:term":[{"taxonomy":"category","embeddable":true,"href":"https:\/\/ahoramasrd.com.do\/index.php?rest_route=%2Fwp%2Fv2%2Fcategories&post=71584"},{"taxonomy":"post_tag","embeddable":true,"href":"https:\/\/ahoramasrd.com.do\/index.php?rest_route=%2Fwp%2Fv2%2Ftags&post=71584"}],"curies":[{"name":"wp","href":"https:\/\/api.w.org\/{rel}","templated":true}]}}