{"id":71595,"date":"2024-10-21T16:37:43","date_gmt":"2024-10-21T20:37:43","guid":{"rendered":"https:\/\/ahoramasrd.com.do\/?p=71595"},"modified":"2024-10-21T16:37:44","modified_gmt":"2024-10-21T20:37:44","slug":"virginia-antares-critica-reforma-fiscal-buscaba-priorizar-el-pago-de-la-deuda-internacional","status":"publish","type":"post","link":"https:\/\/ahoramasrd.com.do\/?p=71595","title":{"rendered":"Virginia Antares critica reforma fiscal buscaba priorizar el pago de la deuda internacional"},"content":{"rendered":"\n<p>Virginia Antares, excandidata presidencial por el partido Opci\u00f3n Democr\u00e1tica, critic\u00f3 hoy las que ella entiende son las verdaderas razones detr\u00e1s de la reforma fiscal propuesta por el gobierno de Luis Abinader, que finalmente fue retirada. Antares critic\u00f3 que la iniciativa no buscaba principalmente mejorar los servicios p\u00fablicos, sino responder a las presiones de acreedores internacionales.<\/p>\n\n\n\n<p>\u201cEl gobierno tiene una presi\u00f3n de los prestadores internacionales, todo este discurso que es para mejorar los servicios p\u00fablicos es verdad que el Estado los necesita, pero sabemos que esa no es la preocupaci\u00f3n principal del Gobierno. Es cumplir con los acreedores internacionales y poder seguir endeud\u00e1ndose\u201d, afirm\u00f3 Antares.<\/p>\n\n\n\n<p>La excandidata tambi\u00e9n plante\u00f3 la urgencia de realizar una auditor\u00eda exhaustiva de la deuda p\u00fablica para investigar en qu\u00e9 condiciones se han tomado los pr\u00e9stamos, si se han utilizado para los fines correctos y si se han violado normativas internacionales. \u201cPa\u00edses que han realizado este tipo de auditor\u00edas han logrado disminuir la carga de la deuda\u201d, agreg\u00f3.<\/p>\n\n\n\n<p>Antares subray\u00f3 que es crucial repensar la gesti\u00f3n financiera del Estado para evitar que el pa\u00eds siga dependiendo de una deuda insostenible y se mantenga enfocado en atender las necesidades reales de la poblaci\u00f3n.<\/p>\n","protected":false},"excerpt":{"rendered":"<p>Virginia Antares, excandidata presidencial por el partido Opci\u00f3n Democr\u00e1tica, critic\u00f3 hoy las que ella entiende son las verdaderas razones detr\u00e1s de la reforma fiscal propuesta por el gobierno de Luis Abinader, que finalmente fue retirada. Antares critic\u00f3 que la iniciativa no buscaba principalmente mejorar los servicios p\u00fablicos, sino responder a las presiones de acreedores internacionales. [&hellip;]<\/p>\n","protected":false},"author":2,"featured_media":71596,"comment_status":"open","ping_status":"open","sticky":false,"template":"","format":"standard","meta":{"footnotes":""},"categories":[44],"tags":[845,939,58],"class_list":{"0":"post-71595","1":"post","2":"type-post","3":"status-publish","4":"format-standard","5":"has-post-thumbnail","7":"category-actualidad","8":"tag-ahora-mas-rd","9":"tag-cada-minuto-una-verdad","10":"tag-republica-dominicana"},"aioseo_notices":[],"amp_enabled":true,"_links":{"self":[{"href":"https:\/\/ahoramasrd.com.do\/index.php?rest_route=\/wp\/v2\/posts\/71595","targetHints":{"allow":["GET"]}}],"collection":[{"href":"https:\/\/ahoramasrd.com.do\/index.php?rest_route=\/wp\/v2\/posts"}],"about":[{"href":"https:\/\/ahoramasrd.com.do\/index.php?rest_route=\/wp\/v2\/types\/post"}],"author":[{"embeddable":true,"href":"https:\/\/ahoramasrd.com.do\/index.php?rest_route=\/wp\/v2\/users\/2"}],"replies":[{"embeddable":true,"href":"https:\/\/ahoramasrd.com.do\/index.php?rest_route=%2Fwp%2Fv2%2Fcomments&post=71595"}],"version-history":[{"count":0,"href":"https:\/\/ahoramasrd.com.do\/index.php?rest_route=\/wp\/v2\/posts\/71595\/revisions"}],"wp:featuredmedia":[{"embeddable":true,"href":"https:\/\/ahoramasrd.com.do\/index.php?rest_route=\/"}],"wp:attachment":[{"href":"https:\/\/ahoramasrd.com.do\/index.php?rest_route=%2Fwp%2Fv2%2Fmedia&parent=71595"}],"wp:term":[{"taxonomy":"category","embeddable":true,"href":"https:\/\/ahoramasrd.com.do\/index.php?rest_route=%2Fwp%2Fv2%2Fcategories&post=71595"},{"taxonomy":"post_tag","embeddable":true,"href":"https:\/\/ahoramasrd.com.do\/index.php?rest_route=%2Fwp%2Fv2%2Ftags&post=71595"}],"curies":[{"name":"wp","href":"https:\/\/api.w.org\/{rel}","templated":true}]}}