{"id":71601,"date":"2024-10-21T16:46:34","date_gmt":"2024-10-21T20:46:34","guid":{"rendered":"https:\/\/ahoramasrd.com.do\/?p=71601"},"modified":"2024-10-21T16:46:35","modified_gmt":"2024-10-21T20:46:35","slug":"capacitaran-a-mas-de-800-bachilleres-en-seguridad-vial-en-san-cristobal","status":"publish","type":"post","link":"https:\/\/ahoramasrd.com.do\/?p=71601","title":{"rendered":"Capacitar\u00e1n a m\u00e1s de 800 bachilleres en seguridad vial en San Crist\u00f3bal"},"content":{"rendered":"\n<p>La localidad ocupa el segundo lugar en el ranking de las 10 provincias con mayor cantidad de muertes por accidentes de tr\u00e1nsito<br>San Crist\u00f3bal.- El director ejecutivo del Instituto Nacional de Tr\u00e1nsito y Transporte Terrestre (Intrant), Milton Morrison, y el senador Gustavo Lara Salazar, firmaron este lunes una carta compromiso para impulsar la educaci\u00f3n vial en estudiantes de secundaria, y salvar vidas en la provincia de San Crist\u00f3bal.<\/p>\n\n\n\n<p>A trav\u00e9s de la Escuela Nacional de Educaci\u00f3n Vial y el programa de \u0308Labor Social y Promoci\u00f3n de una Cultura Ciudadana \u0308, se convertir\u00e1n en multiplicadores a m\u00e1s de 800 j\u00f3venes bachilleres de 21 centros educativos de la localidad sure\u00f1a, con charlas sobre seguridad vial y factores de riesgo, que ser\u00e1n impartidas del 21 al 30 de octubre del presente a\u00f1o.<\/p>\n\n\n\n<p>Milton Morrison, director ejecutivo del Intrant, indic\u00f3 que est\u00e1n comprometidos con la educaci\u00f3n vial, como eje transversal para sensibilizar y salvar vidas con la reducci\u00f3n de las cifras tr\u00e1gicas.<\/p>\n\n\n\n<p>\u201cDesde el Intrant, se impulsa el trabajo mancomunado con actores claves para la firma de acuerdos que permitan ampliar el alcance de los programas de formaci\u00f3n en Educaci\u00f3n Vial, no solo en los conductores del transporte p\u00fablico, incluyendo a los motoconchistas y a los conductores del transporte de carga, sino tambi\u00e9n en los futuros conductores a trav\u00e9s de los planteles escolares\u201d, precis\u00f3.<\/p>\n\n\n\n<p>De su lado, el senador de San Crist\u00f3bal, Gustavo Lara Salazar, subray\u00f3 que con este proyecto se busca fomentar la participaci\u00f3n de los j\u00f3venes para mejorar el entorno comunitario, mediante proyectos sociales desarrollados por los estudiantes.<\/p>\n\n\n\n<p>Lara Salazar, agradeci\u00f3 la pronta respuesta del Intrant en apoyar la iniciativa, al tiempo que resalt\u00f3 que contempla implementar un proyecto anual de impacto social en comunidades locales, cuya tem\u00e1tica ser\u00e1 seleccionada previamente cada a\u00f1o, siendo la educaci\u00f3n vial la<\/p>\n\n\n\n<p>primera de estas, para encaminar proyectos pr\u00e1cticos, los cuales ser\u00e1n premiados en 3 categor\u00edas, tercer lugar RD$75,000.00, segundo lugar RD$100,000.00 y un primer lugar de RD$150,000.00.<\/p>\n\n\n\n<p>Para el ministro de la Juventud, Carlos Valdez, con este tipo de iniciativas se busca empoderar a los j\u00f3venes para que participen en la identificaci\u00f3n y soluci\u00f3n de problemas en sus comunidades.<\/p>\n\n\n\n<p>La actividad cont\u00f3 con la participaci\u00f3n de la Gobernadora Provincial, Pura Casilla, el alcalde de San Crist\u00f3bal, Dionicio De La Rosa, el director regional 04 del Ministerio de Educaci\u00f3n, Juli\u00e1n Tejada; Luis Bello, del Ministerio de Interior y Polic\u00eda, entre otras autoridades municipales y educativas de la localidad.<\/p>\n\n\n\n<p>El programa de \u201cLabor Social y Promoci\u00f3n de Cultura Ciudadana\u201d, tiene el objetivo de fomentar una alianza entre instituciones gubernamentales, educativas y empresariales con el fin de educar y promover una cultura ciudadana activa y socialmente responsable entre los j\u00f3venes de la provincia.<\/p>\n\n\n\n<p>San Crist\u00f3bal<\/p>\n\n\n\n<p>Seg\u00fan registra la Oficina Nacional Estad\u00edstica (ONE), San Crist\u00f3bal ocupa el segundo lugar en el ranking de las 10 provincias con mayor cantidad de muertes por accidentes de tr\u00e1nsito.<\/p>\n","protected":false},"excerpt":{"rendered":"<p>La localidad ocupa el segundo lugar en el ranking de las 10 provincias con mayor cantidad de muertes por accidentes de tr\u00e1nsitoSan Crist\u00f3bal.- El director ejecutivo del Instituto Nacional de Tr\u00e1nsito y Transporte Terrestre (Intrant), Milton Morrison, y el senador Gustavo Lara Salazar, firmaron este lunes una carta compromiso para impulsar la educaci\u00f3n vial en [&hellip;]<\/p>\n","protected":false},"author":2,"featured_media":71602,"comment_status":"open","ping_status":"open","sticky":false,"template":"","format":"standard","meta":{"footnotes":""},"categories":[44],"tags":[845,939,58],"class_list":{"0":"post-71601","1":"post","2":"type-post","3":"status-publish","4":"format-standard","5":"has-post-thumbnail","7":"category-actualidad","8":"tag-ahora-mas-rd","9":"tag-cada-minuto-una-verdad","10":"tag-republica-dominicana"},"aioseo_notices":[],"amp_enabled":true,"_links":{"self":[{"href":"https:\/\/ahoramasrd.com.do\/index.php?rest_route=\/wp\/v2\/posts\/71601","targetHints":{"allow":["GET"]}}],"collection":[{"href":"https:\/\/ahoramasrd.com.do\/index.php?rest_route=\/wp\/v2\/posts"}],"about":[{"href":"https:\/\/ahoramasrd.com.do\/index.php?rest_route=\/wp\/v2\/types\/post"}],"author":[{"embeddable":true,"href":"https:\/\/ahoramasrd.com.do\/index.php?rest_route=\/wp\/v2\/users\/2"}],"replies":[{"embeddable":true,"href":"https:\/\/ahoramasrd.com.do\/index.php?rest_route=%2Fwp%2Fv2%2Fcomments&post=71601"}],"version-history":[{"count":0,"href":"https:\/\/ahoramasrd.com.do\/index.php?rest_route=\/wp\/v2\/posts\/71601\/revisions"}],"wp:featuredmedia":[{"embeddable":true,"href":"https:\/\/ahoramasrd.com.do\/index.php?rest_route=\/"}],"wp:attachment":[{"href":"https:\/\/ahoramasrd.com.do\/index.php?rest_route=%2Fwp%2Fv2%2Fmedia&parent=71601"}],"wp:term":[{"taxonomy":"category","embeddable":true,"href":"https:\/\/ahoramasrd.com.do\/index.php?rest_route=%2Fwp%2Fv2%2Fcategories&post=71601"},{"taxonomy":"post_tag","embeddable":true,"href":"https:\/\/ahoramasrd.com.do\/index.php?rest_route=%2Fwp%2Fv2%2Ftags&post=71601"}],"curies":[{"name":"wp","href":"https:\/\/api.w.org\/{rel}","templated":true}]}}