{"id":71628,"date":"2024-10-25T16:58:47","date_gmt":"2024-10-25T20:58:47","guid":{"rendered":"https:\/\/ahoramasrd.com.do\/?p=71628"},"modified":"2024-10-25T16:58:48","modified_gmt":"2024-10-25T20:58:48","slug":"presidente-abinader-entrega-700-apartamentos-y-nuevas-instalaciones-en-sde","status":"publish","type":"post","link":"https:\/\/ahoramasrd.com.do\/?p=71628","title":{"rendered":"Presidente Abinader entrega 700 apartamentos y nuevas instalaciones en SDE"},"content":{"rendered":"\n<p>Mandatario inaugura tambi\u00e9n, el Centro Futuro en Cristo Rey y participa en acto por d\u00e9cimo aniversario de ANPRAS y en apertura del nuevo Centro M\u00e9dico Express en San Isidro.<br>Santo Domingo.- Continuando con el prop\u00f3sito de mejorar la calidad de vida de los dominicanos, el presidente Luis Abinader entreg\u00f3 este viernes 700 nuevos apartamentos correspondientes a la primera etapa del Proyecto Ciudad Real Ecol\u00f3gica, del Plan Nacional de Viviendas Familia Feliz, en Santo Domingo Este.<\/p>\n\n\n\n<p>Este proyecto con una inversi\u00f3n p\u00fablico-privada superior a los RD$895 millones de pesos, es el m\u00e1s grande entregado hasta la fecha y busca atender las necesidades de sectores vulnerables, marcando un hito en la pol\u00edtica habitacional del gobierno encabezado por el presidente Abinader.<\/p>\n\n\n\n<p>En el acto, el viceministro de Proyectos de Inversi\u00f3n del Ministerio de la Presidencia, Camel Curi Lora, manifest\u00f3 que, con el respaldo del gobierno y el compromiso de instituciones y empresas del sector privado, Ciudad Real Ecol\u00f3gica se presenta como un ejemplo de esfuerzo conjunto para garantizar que cada d\u00eda m\u00e1s familias puedan alcanzar el sue\u00f1o de una vivienda propia, digna y sostenible.<\/p>\n\n\n\n<p>De su lado, el vicepresidente de Constructora Bison\u00f3, Juan Antonio Bison\u00f3, resalt\u00f3 el trabajo del presidente Luis Abinader por sus iniciativas de proyectos sociales y de bajo costo, con el fin de mitigar el d\u00e9ficit habitacional que tanto afecta a los estratos sociales de menores recursos.<\/p>\n\n\n\n<p>Indic\u00f3 que esta primera etapa representa la mayor entrega realizada por el sector privado en los \u00faltimos a\u00f1os en cualquiera de los planes de viviendas sociales desarrollados conjuntamente con el Estado.<\/p>\n\n\n\n<p>Inauguraci\u00f3n y remozamiento de obras en la zona naval central<br>Continuando con su recorrido del viernes, el presidente Abinader dej\u00f3 inaugurado el pabell\u00f3n para Oficiales, Almirante Superiores y Subalternos de la base naval \u201c27 de Febrero\u201d y el comedor para oficiales y guardamarinas de la Academia Naval \u201cVicealmirante C\u00e9sar A. De Windt Lavandier\u201d, ARD el cual mejorar\u00e1 la capacidad operativa y en la preparaci\u00f3n de los pertenencientes a instituci\u00f3n castrense.<\/p>\n\n\n\n<p>El mandatario fue recibido con la rendici\u00f3n de honores de estilo, a cargo del Batall\u00f3n de Guardamarinas de la Academia Naval \u201cVicealmirante C\u00e9sar A. De Windt Lavandier, ARD\u201d.<\/p>\n\n\n\n<p>El pabell\u00f3n para Oficiales, Almirante Superiores y Subalternos en la base naval \u201c27 de Febrero\u201d, tuvo una inversi\u00f3n que supera los 60 millones de pesos y cuenta con 40 habitaciones totalmente equipadas con todas la comodidades necesarias.<\/p>\n\n\n\n<p>En tanto, el comedor para oficiales y guardamarinas de la Academia Naval \u201cVicealmirante C\u00e9sar A. De Windt Lavandier\u201d, ARD, donde compartir\u00e1n los conocimientos y el alimento los pertenecientes a la Armada de la Rep\u00fablica Dominicana, tiene capacidad 255 miembros y cuenta con climatizaci\u00f3n, cocina industrial, almacenes y salones de esparcimiento, todo esto con una inversi\u00f3n que supera los 38 millones de pesos.<\/p>\n\n\n\n<p>Durante el acto, el comandante general de la Armada de Rep\u00fablica Dominicana, vicealmirante Agust\u00edn Alberto Morillo Rodr\u00edguez, apunt\u00f3 que las dos obras entregadas hoy mejorar\u00e1n las capacidades operativas y la calidad de vida de los pertenecientes a la Armada de la Rep\u00fablica Dominicana.<\/p>\n\n\n\n<p>Agradeci\u00f3 al presidente Abinader por su visi\u00f3n y apoyo inquebrantable que dijo, han sido fundamentales en la modernizaci\u00f3n y crecimiento de la Armada de la Rep\u00fablica Dominicana.<\/p>\n\n\n\n<p>Inauguraci\u00f3n Centro Futuro, Cristo Rey<br>Posteriormente, el mandatario inaugur\u00f3 el Centro Futuro en Cristo Rey, un proyecto que ofrecer\u00e1 formaci\u00f3n t\u00e9cnica gratuita y ha sido dise\u00f1ado para impulsar el desarrollo profesional y t\u00e9cnico de j\u00f3venes y adultos en colaboraci\u00f3n con Altice, Infotep, Mescyt, Inaguja y Cincinnatus Institute.<\/p>\n\n\n\n<p>La apertura del Centro Futuro representa un hito, ya que, a trav\u00e9s de este programa de formaci\u00f3n, se dota a las personas de las habilidades necesarias para incorporarse activamente al mercado laboral y obtener ingresos.<\/p>\n\n\n\n<p>Actualmente, 210 estudiantes se capacitan en varias \u00e1reas, 140 ya se han graduado, y 450 han presentado sus solicitudes de ingreso.<\/p>\n\n\n\n<p>Como parte de su responsabilidad social, la Alcald\u00eda del Distrito Nacional, el Instituto Nacional de Formaci\u00f3n T\u00e9cnico Profesional (Infotep) y la Industria Nacional de la Aguja (Inaguja) unieron esfuerzos y recursos para brindar nuevas oportunidades a los j\u00f3venes de Cristo Rey y de barrios aleda\u00f1os con la apertura de este Centro.<\/p>\n\n\n\n<p>Adem\u00e1s, a trav\u00e9s del Ministerio de Educaci\u00f3n Superior, Ciencia y Tecnolog\u00eda (Mescyt), se lanzar\u00e1 en enero de 2025 el programa de Ingl\u00e9s por Inmersi\u00f3n, con opciones de horarios vespertinos y nocturnos.<\/p>\n\n\n\n<p>ANPRAS agradece visi\u00f3n y respaldo del presidente Abinader para realizaci\u00f3n de feria de equipos y congreso de asfalto<\/p>\n\n\n\n<p>M\u00e1s temprano, el presidente Abinader particip\u00f3 junto al ministro de Obras P\u00fablicas, Deligne Ascenci\u00f3n, en el acto de inauguraci\u00f3n formal de la Primera Feria de Equipos Pesados y el Congreso de Asfalto en la Rep\u00fablica Dominicana, en ocasi\u00f3n al d\u00e9cimo aniversario de la Asociaci\u00f3n Nacional de Productores de Asfalto (ANPRAS), entidad que ha contribuido a generar m\u00e1s de 35,000 empleos directos e indirectos en el mercado laboral dominicano.<\/p>\n\n\n\n<p>El presidente de ANPRAS, Ram\u00f3n Gabriel Aguilera Quezada, expres\u00f3 su agradecimiento al presidente Abinader por su presencia en el acto y dijo que esta feria no habr\u00eda sido posible sin su visi\u00f3n y respaldo. \u201cANPRAS ha hecho realidad esta feria y nos llena de alegr\u00eda<br>tener al presidente aqu\u00ed para celebrarlo juntos a nosotros\u201d.<\/p>\n\n\n\n<p>Asiste a apertura de Centro M\u00e9dico Express, en San Isidro<br>M\u00e1s tarde, el jefe de Estado asisti\u00f3 a la apertura del nuevo Centro M\u00e9dico Express en San Isidro, Santo Domingo Este, el cual tuvo una inversi\u00f3n de m\u00e1s de 1,000 millones de pesos y aportar\u00e1 300 empleos directos y 500 indirectos.<\/p>\n\n\n\n<p>El presidente Abinader realiz\u00f3 un recorrido por las nuevas instalaciones que dispone de servicios de urgencias, cirug\u00eda ambulatoria, endoscopia, laboratorio cl\u00ednico, estudios de im\u00e1genes avanzadas, servicios de vacunas, chequeo m\u00e9dico ejecutivo, departamento internacional, consultas y estudios de medicina interna, oftalmolog\u00eda, cardiolog\u00eda, odontolog\u00eda, neurolog\u00eda, pediatr\u00eda, ginecolog\u00eda, dermatolog\u00eda, ortopedia, endocrinolog\u00eda, nutrici\u00f3n, telemedicina, entre otras especialidades.<\/p>\n\n\n\n<p>Asistieron al acto, el ministro de Defensa, teniente General, Carlos Antonio Fern\u00e1ndez, ERD; el director de la Polic\u00eda Nacional, mayor general Ram\u00f3n Antonio Guzm\u00e1n Peralta; el Comandante General del Ej\u00e9rcito, mayor general Jorge Iv\u00e1n Camino P\u00e9rez; el comandante general de la Fuerza A\u00e9rea, mayor general piloto, Floreal T. Su\u00e1rez Mart\u00ednez; el subcomandante General de la Armada, Juan Bienvenido Cris\u00f3stomo, ARD y la gobernadora de la provincia de Santo Domingo, Lucrecia Leyba.<\/p>\n\n\n\n<p>Tambi\u00e9n, los viceministros, de Defensa para Asuntos Militares, Mayor General, Miguel Angel Rubio B\u00e1ez, ERD; de Defensa para Asuntos Navales y Costeros, vicealmirante Ram\u00f3n Gustavo Betances Hern\u00e1ndez, ARD; de Defensa para Asuntos A\u00e9reos y Espaciales, Mayor General T\u00e9cnico de Aviaci\u00f3n, Carlos Ram\u00f3n Febrillet, FARD; el director general de Migraci\u00f3n, vicealmirante Luis Rafael Lee Ballester, ARD; el inspector general de la Armada, Contralmirante, Pedro Jos\u00e9 Lalane Peguero, ARD; el director de la Academia Naval \u201cVicealmirante C\u00e9sar A. De Windt Lavandier, ARD\u201d, capit\u00e1n de Nav\u00edo Newton Davinsy Mont\u00e1s Pel\u00e1ez y el director de la Polic\u00eda de Turismo (Politur), general Minoru Matsunaga.<\/p>\n","protected":false},"excerpt":{"rendered":"<p>Mandatario inaugura tambi\u00e9n, el Centro Futuro en Cristo Rey y participa en acto por d\u00e9cimo aniversario de ANPRAS y en apertura del nuevo Centro M\u00e9dico Express en San Isidro.Santo Domingo.- Continuando con el prop\u00f3sito de mejorar la calidad de vida de los dominicanos, el presidente Luis Abinader entreg\u00f3 este viernes 700 nuevos apartamentos correspondientes a [&hellip;]<\/p>\n","protected":false},"author":2,"featured_media":71629,"comment_status":"open","ping_status":"open","sticky":false,"template":"","format":"standard","meta":{"footnotes":""},"categories":[44],"tags":[845,939,58],"class_list":{"0":"post-71628","1":"post","2":"type-post","3":"status-publish","4":"format-standard","5":"has-post-thumbnail","7":"category-actualidad","8":"tag-ahora-mas-rd","9":"tag-cada-minuto-una-verdad","10":"tag-republica-dominicana"},"aioseo_notices":[],"amp_enabled":true,"_links":{"self":[{"href":"https:\/\/ahoramasrd.com.do\/index.php?rest_route=\/wp\/v2\/posts\/71628","targetHints":{"allow":["GET"]}}],"collection":[{"href":"https:\/\/ahoramasrd.com.do\/index.php?rest_route=\/wp\/v2\/posts"}],"about":[{"href":"https:\/\/ahoramasrd.com.do\/index.php?rest_route=\/wp\/v2\/types\/post"}],"author":[{"embeddable":true,"href":"https:\/\/ahoramasrd.com.do\/index.php?rest_route=\/wp\/v2\/users\/2"}],"replies":[{"embeddable":true,"href":"https:\/\/ahoramasrd.com.do\/index.php?rest_route=%2Fwp%2Fv2%2Fcomments&post=71628"}],"version-history":[{"count":0,"href":"https:\/\/ahoramasrd.com.do\/index.php?rest_route=\/wp\/v2\/posts\/71628\/revisions"}],"wp:featuredmedia":[{"embeddable":true,"href":"https:\/\/ahoramasrd.com.do\/index.php?rest_route=\/"}],"wp:attachment":[{"href":"https:\/\/ahoramasrd.com.do\/index.php?rest_route=%2Fwp%2Fv2%2Fmedia&parent=71628"}],"wp:term":[{"taxonomy":"category","embeddable":true,"href":"https:\/\/ahoramasrd.com.do\/index.php?rest_route=%2Fwp%2Fv2%2Fcategories&post=71628"},{"taxonomy":"post_tag","embeddable":true,"href":"https:\/\/ahoramasrd.com.do\/index.php?rest_route=%2Fwp%2Fv2%2Ftags&post=71628"}],"curies":[{"name":"wp","href":"https:\/\/api.w.org\/{rel}","templated":true}]}}