{"id":71631,"date":"2024-10-25T17:38:17","date_gmt":"2024-10-25T21:38:17","guid":{"rendered":"https:\/\/ahoramasrd.com.do\/?p=71631"},"modified":"2024-10-25T17:38:17","modified_gmt":"2024-10-25T21:38:17","slug":"ayuntamiento-de-los-alcarrizos-continua-recuperando-espacios-publicos","status":"publish","type":"post","link":"https:\/\/ahoramasrd.com.do\/?p=71631","title":{"rendered":"Ayuntamiento de Los Alcarrizos contin\u00faa recuperando espacios p\u00fablicos"},"content":{"rendered":"\n<p>Los Alcarrizos-. El Ayuntamiento municipal de Los Alcarrizos, a trav\u00e9s del departamento de espacios p\u00fablicos, contin\u00faa con la recuperaci\u00f3n de calles, aceras y contenes para el libre tr\u00e1nsito de los municipes.<\/p>\n\n\n\n<p>Las autoridades locales, intervinieron las inmediaciones del Hospital, Dr. vinicio Calventi y los alrededores de la zona franca del municipio, donde fueron movidos vendedores ambulantes que estaban desde varios a\u00f1os ocupando los espacios p\u00fablicos.<\/p>\n\n\n\n<p>El ejecutivo municipal, llam\u00f3 a toda persona que se encuentra obstruyendo el libre flujo de los transe\u00fantes, a retirar sus bienes, de lo contrario, estar\u00e1n en la obligaci\u00f3n de hacer cumplir las leyes.<\/p>\n","protected":false},"excerpt":{"rendered":"<p>Los Alcarrizos-. El Ayuntamiento municipal de Los Alcarrizos, a trav\u00e9s del departamento de espacios p\u00fablicos, contin\u00faa con la recuperaci\u00f3n de calles, aceras y contenes para el libre tr\u00e1nsito de los municipes. Las autoridades locales, intervinieron las inmediaciones del Hospital, Dr. vinicio Calventi y los alrededores de la zona franca del municipio, donde fueron movidos vendedores [&hellip;]<\/p>\n","protected":false},"author":2,"featured_media":71632,"comment_status":"open","ping_status":"open","sticky":false,"template":"","format":"standard","meta":{"footnotes":""},"categories":[44],"tags":[845,939,58],"class_list":{"0":"post-71631","1":"post","2":"type-post","3":"status-publish","4":"format-standard","5":"has-post-thumbnail","7":"category-actualidad","8":"tag-ahora-mas-rd","9":"tag-cada-minuto-una-verdad","10":"tag-republica-dominicana"},"aioseo_notices":[],"amp_enabled":true,"_links":{"self":[{"href":"https:\/\/ahoramasrd.com.do\/index.php?rest_route=\/wp\/v2\/posts\/71631","targetHints":{"allow":["GET"]}}],"collection":[{"href":"https:\/\/ahoramasrd.com.do\/index.php?rest_route=\/wp\/v2\/posts"}],"about":[{"href":"https:\/\/ahoramasrd.com.do\/index.php?rest_route=\/wp\/v2\/types\/post"}],"author":[{"embeddable":true,"href":"https:\/\/ahoramasrd.com.do\/index.php?rest_route=\/wp\/v2\/users\/2"}],"replies":[{"embeddable":true,"href":"https:\/\/ahoramasrd.com.do\/index.php?rest_route=%2Fwp%2Fv2%2Fcomments&post=71631"}],"version-history":[{"count":0,"href":"https:\/\/ahoramasrd.com.do\/index.php?rest_route=\/wp\/v2\/posts\/71631\/revisions"}],"wp:featuredmedia":[{"embeddable":true,"href":"https:\/\/ahoramasrd.com.do\/index.php?rest_route=\/"}],"wp:attachment":[{"href":"https:\/\/ahoramasrd.com.do\/index.php?rest_route=%2Fwp%2Fv2%2Fmedia&parent=71631"}],"wp:term":[{"taxonomy":"category","embeddable":true,"href":"https:\/\/ahoramasrd.com.do\/index.php?rest_route=%2Fwp%2Fv2%2Fcategories&post=71631"},{"taxonomy":"post_tag","embeddable":true,"href":"https:\/\/ahoramasrd.com.do\/index.php?rest_route=%2Fwp%2Fv2%2Ftags&post=71631"}],"curies":[{"name":"wp","href":"https:\/\/api.w.org\/{rel}","templated":true}]}}