{"id":71643,"date":"2024-10-25T20:37:16","date_gmt":"2024-10-26T00:37:16","guid":{"rendered":"https:\/\/ahoramasrd.com.do\/?p=71643"},"modified":"2024-10-25T20:37:16","modified_gmt":"2024-10-26T00:37:16","slug":"antoliano-peralta-advierte-sobre-la-improcedencia-en-designacion-de-carlos-pimentel","status":"publish","type":"post","link":"https:\/\/ahoramasrd.com.do\/?p=71643","title":{"rendered":"Antoliano Peralta advierte sobre la improcedencia en designaci\u00f3n de Carlos Pimentel"},"content":{"rendered":"\n<p>El consultor jur\u00eddico del Poder Ejecutivo, Dr. Antoliano Peralta, advirti\u00f3 el pasado 3 de octubre sobre la improcedencia de que Carlos Pimentel ocupe simult\u00e1neamente la direcci\u00f3n de la Direcci\u00f3n General de Alianzas P\u00fablico-Privadas (DGAPP) y el puesto de director de Contrataciones P\u00fablicas.<\/p>\n\n\n\n<p>Argument\u00f3 que ambas posiciones podr\u00edan generar conflictos de inter\u00e9s en la gesti\u00f3n de los recursos estatales.<\/p>\n\n\n\n<p>La informaci\u00f3n fue dada a conocer por el abogado y comunicador Federico Jovine, quien public\u00f3 una carta donde se\u00f1ala que \u201cSi una sola persona ocupa ambos cargos, podr\u00eda influir en las decisiones del Consejo, afectando la objetividad en la toma de decisiones, ya que estar\u00eda participando en los procesos de votaci\u00f3n que luego debe ejecutar como director de la Dgapp\u201d.<\/p>\n\n\n\n<p>Hasta el momento, no se ha emitido una respuesta oficial por parte de la Presidencia sobre esta advertencia.<\/p>\n","protected":false},"excerpt":{"rendered":"<p>El consultor jur\u00eddico del Poder Ejecutivo, Dr. Antoliano Peralta, advirti\u00f3 el pasado 3 de octubre sobre la improcedencia de que Carlos Pimentel ocupe simult\u00e1neamente la direcci\u00f3n de la Direcci\u00f3n General de Alianzas P\u00fablico-Privadas (DGAPP) y el puesto de director de Contrataciones P\u00fablicas. Argument\u00f3 que ambas posiciones podr\u00edan generar conflictos de inter\u00e9s en la gesti\u00f3n de [&hellip;]<\/p>\n","protected":false},"author":2,"featured_media":71644,"comment_status":"open","ping_status":"open","sticky":false,"template":"","format":"standard","meta":{"footnotes":""},"categories":[44],"tags":[845,939,58],"class_list":{"0":"post-71643","1":"post","2":"type-post","3":"status-publish","4":"format-standard","5":"has-post-thumbnail","7":"category-actualidad","8":"tag-ahora-mas-rd","9":"tag-cada-minuto-una-verdad","10":"tag-republica-dominicana"},"aioseo_notices":[],"amp_enabled":true,"_links":{"self":[{"href":"https:\/\/ahoramasrd.com.do\/index.php?rest_route=\/wp\/v2\/posts\/71643","targetHints":{"allow":["GET"]}}],"collection":[{"href":"https:\/\/ahoramasrd.com.do\/index.php?rest_route=\/wp\/v2\/posts"}],"about":[{"href":"https:\/\/ahoramasrd.com.do\/index.php?rest_route=\/wp\/v2\/types\/post"}],"author":[{"embeddable":true,"href":"https:\/\/ahoramasrd.com.do\/index.php?rest_route=\/wp\/v2\/users\/2"}],"replies":[{"embeddable":true,"href":"https:\/\/ahoramasrd.com.do\/index.php?rest_route=%2Fwp%2Fv2%2Fcomments&post=71643"}],"version-history":[{"count":0,"href":"https:\/\/ahoramasrd.com.do\/index.php?rest_route=\/wp\/v2\/posts\/71643\/revisions"}],"wp:featuredmedia":[{"embeddable":true,"href":"https:\/\/ahoramasrd.com.do\/index.php?rest_route=\/"}],"wp:attachment":[{"href":"https:\/\/ahoramasrd.com.do\/index.php?rest_route=%2Fwp%2Fv2%2Fmedia&parent=71643"}],"wp:term":[{"taxonomy":"category","embeddable":true,"href":"https:\/\/ahoramasrd.com.do\/index.php?rest_route=%2Fwp%2Fv2%2Fcategories&post=71643"},{"taxonomy":"post_tag","embeddable":true,"href":"https:\/\/ahoramasrd.com.do\/index.php?rest_route=%2Fwp%2Fv2%2Ftags&post=71643"}],"curies":[{"name":"wp","href":"https:\/\/api.w.org\/{rel}","templated":true}]}}