{"id":71650,"date":"2024-10-26T13:59:52","date_gmt":"2024-10-26T17:59:52","guid":{"rendered":"https:\/\/ahoramasrd.com.do\/?p=71650"},"modified":"2024-10-26T13:59:53","modified_gmt":"2024-10-26T17:59:53","slug":"se-accidenta-vehiculo-de-guardia-presidencial-luego-de-actividad-de-abinader-en-miches","status":"publish","type":"post","link":"https:\/\/ahoramasrd.com.do\/?p=71650","title":{"rendered":"Se accidenta veh\u00edculo de guardia presidencial luego de actividad de Abinader en Miches"},"content":{"rendered":"\n<p>Un veh\u00edculo del Cuerpo de Seguridad Presidencial (CUSEP) se accident\u00f3 este s\u00e1bado tras la participaci\u00f3n del presidente Luis Abinader en la inauguraci\u00f3n del Liceo Leovigildo Mauricio Linares, ubicado en la comunidad El Cedro de Miches, El Seibo.<\/p>\n\n\n\n<p>Por el momento no se han reportados heridos en este incidente. El mandatario encabez\u00f3 la ceremonia de inauguraci\u00f3n como parte de su agenda del d\u00eda.<\/p>\n\n\n\n<p>Esta inauguraci\u00f3n fue la primera actividad en la agenda del presidente para el s\u00e1bado. Posteriormente, Abinader se dirigi\u00f3 a participar en el primer palazo para la construcci\u00f3n del hotel de aviones Wyndham La Quinta y la plaza comercial Downtown 7 Palms, tambi\u00e9n en la provincia de El Seibo, continuando as\u00ed con su agenda de desarrollo en la regi\u00f3n.<\/p>\n","protected":false},"excerpt":{"rendered":"<p>Un veh\u00edculo del Cuerpo de Seguridad Presidencial (CUSEP) se accident\u00f3 este s\u00e1bado tras la participaci\u00f3n del presidente Luis Abinader en la inauguraci\u00f3n del Liceo Leovigildo Mauricio Linares, ubicado en la comunidad El Cedro de Miches, El Seibo. Por el momento no se han reportados heridos en este incidente. El mandatario encabez\u00f3 la ceremonia de inauguraci\u00f3n [&hellip;]<\/p>\n","protected":false},"author":2,"featured_media":71651,"comment_status":"open","ping_status":"open","sticky":false,"template":"","format":"standard","meta":{"footnotes":""},"categories":[44],"tags":[845,939,58],"class_list":{"0":"post-71650","1":"post","2":"type-post","3":"status-publish","4":"format-standard","5":"has-post-thumbnail","7":"category-actualidad","8":"tag-ahora-mas-rd","9":"tag-cada-minuto-una-verdad","10":"tag-republica-dominicana"},"aioseo_notices":[],"amp_enabled":true,"_links":{"self":[{"href":"https:\/\/ahoramasrd.com.do\/index.php?rest_route=\/wp\/v2\/posts\/71650","targetHints":{"allow":["GET"]}}],"collection":[{"href":"https:\/\/ahoramasrd.com.do\/index.php?rest_route=\/wp\/v2\/posts"}],"about":[{"href":"https:\/\/ahoramasrd.com.do\/index.php?rest_route=\/wp\/v2\/types\/post"}],"author":[{"embeddable":true,"href":"https:\/\/ahoramasrd.com.do\/index.php?rest_route=\/wp\/v2\/users\/2"}],"replies":[{"embeddable":true,"href":"https:\/\/ahoramasrd.com.do\/index.php?rest_route=%2Fwp%2Fv2%2Fcomments&post=71650"}],"version-history":[{"count":0,"href":"https:\/\/ahoramasrd.com.do\/index.php?rest_route=\/wp\/v2\/posts\/71650\/revisions"}],"wp:featuredmedia":[{"embeddable":true,"href":"https:\/\/ahoramasrd.com.do\/index.php?rest_route=\/"}],"wp:attachment":[{"href":"https:\/\/ahoramasrd.com.do\/index.php?rest_route=%2Fwp%2Fv2%2Fmedia&parent=71650"}],"wp:term":[{"taxonomy":"category","embeddable":true,"href":"https:\/\/ahoramasrd.com.do\/index.php?rest_route=%2Fwp%2Fv2%2Fcategories&post=71650"},{"taxonomy":"post_tag","embeddable":true,"href":"https:\/\/ahoramasrd.com.do\/index.php?rest_route=%2Fwp%2Fv2%2Ftags&post=71650"}],"curies":[{"name":"wp","href":"https:\/\/api.w.org\/{rel}","templated":true}]}}