{"id":71656,"date":"2024-10-26T16:52:12","date_gmt":"2024-10-26T20:52:12","guid":{"rendered":"https:\/\/ahoramasrd.com.do\/?p=71656"},"modified":"2024-10-26T16:52:13","modified_gmt":"2024-10-26T20:52:13","slug":"hector-acosta-ha-sido-el-peor-senador-de-monsenor-nouel-asegura-felix-nova","status":"publish","type":"post","link":"https:\/\/ahoramasrd.com.do\/?p=71656","title":{"rendered":"\u201dH\u00e9ctor Acosta ha sido el peor senador de Monse\u00f1or Nouel\u201d, asegura F\u00e9lix Nova"},"content":{"rendered":"\n<p>El exsenador de la provincia de Monse\u00f1or Nouel, del Partido de la Liberaci\u00f3n Dominicana, F\u00e9lix Nova asegur\u00f3 que esa provincia tiene el peor senador, refiri\u00e9ndose al actual legislador H\u00e9ctor Acosta.<\/p>\n\n\n\n<p>\u201cLa provincia Monse\u00f1or Nouel hoy tiene el peor senador\u201d, expres\u00f3 el dirigente pol\u00edtico.<\/p>\n\n\n\n<p>Nova se\u00f1al\u00f3, que \u201cH\u00e9ctor Acosta quit\u00f3 el programa de becas, ning\u00fan joven consigue una beca, la cultura en Monse\u00f1or Nouel muri\u00f3 con el Torito, comenzando por la Plaza de la Cultura donde le quito el subsidio, el Torito en Monse\u00f1or Nouel a un pobre no se le pega una hoja de zin. Ahora mismo el Torito no dirige una comisi\u00f3n en el Senado, tiene 50 inasistencia, no plantea un tema de inter\u00e9s\u201d.<\/p>\n\n\n\n<p>Asimismo dijo que la gente de Monse\u00f1or Nouel vot\u00f3 por H\u00e9ctor Acosta para que mantenga programa de desarrollo.<\/p>\n\n\n\n<p>F\u00e9lix Nova ofreci\u00f3 estas declaraciones tras ser entrevistado en el programa El Sol de la Ma\u00f1ana, que se transmite por la Z01.<\/p>\n","protected":false},"excerpt":{"rendered":"<p>El exsenador de la provincia de Monse\u00f1or Nouel, del Partido de la Liberaci\u00f3n Dominicana, F\u00e9lix Nova asegur\u00f3 que esa provincia tiene el peor senador, refiri\u00e9ndose al actual legislador H\u00e9ctor Acosta. \u201cLa provincia Monse\u00f1or Nouel hoy tiene el peor senador\u201d, expres\u00f3 el dirigente pol\u00edtico. Nova se\u00f1al\u00f3, que \u201cH\u00e9ctor Acosta quit\u00f3 el programa de becas, ning\u00fan joven [&hellip;]<\/p>\n","protected":false},"author":2,"featured_media":71657,"comment_status":"open","ping_status":"open","sticky":false,"template":"","format":"standard","meta":{"footnotes":""},"categories":[44],"tags":[845,939,58],"class_list":{"0":"post-71656","1":"post","2":"type-post","3":"status-publish","4":"format-standard","5":"has-post-thumbnail","7":"category-actualidad","8":"tag-ahora-mas-rd","9":"tag-cada-minuto-una-verdad","10":"tag-republica-dominicana"},"aioseo_notices":[],"amp_enabled":true,"_links":{"self":[{"href":"https:\/\/ahoramasrd.com.do\/index.php?rest_route=\/wp\/v2\/posts\/71656","targetHints":{"allow":["GET"]}}],"collection":[{"href":"https:\/\/ahoramasrd.com.do\/index.php?rest_route=\/wp\/v2\/posts"}],"about":[{"href":"https:\/\/ahoramasrd.com.do\/index.php?rest_route=\/wp\/v2\/types\/post"}],"author":[{"embeddable":true,"href":"https:\/\/ahoramasrd.com.do\/index.php?rest_route=\/wp\/v2\/users\/2"}],"replies":[{"embeddable":true,"href":"https:\/\/ahoramasrd.com.do\/index.php?rest_route=%2Fwp%2Fv2%2Fcomments&post=71656"}],"version-history":[{"count":0,"href":"https:\/\/ahoramasrd.com.do\/index.php?rest_route=\/wp\/v2\/posts\/71656\/revisions"}],"wp:featuredmedia":[{"embeddable":true,"href":"https:\/\/ahoramasrd.com.do\/index.php?rest_route=\/"}],"wp:attachment":[{"href":"https:\/\/ahoramasrd.com.do\/index.php?rest_route=%2Fwp%2Fv2%2Fmedia&parent=71656"}],"wp:term":[{"taxonomy":"category","embeddable":true,"href":"https:\/\/ahoramasrd.com.do\/index.php?rest_route=%2Fwp%2Fv2%2Fcategories&post=71656"},{"taxonomy":"post_tag","embeddable":true,"href":"https:\/\/ahoramasrd.com.do\/index.php?rest_route=%2Fwp%2Fv2%2Ftags&post=71656"}],"curies":[{"name":"wp","href":"https:\/\/api.w.org\/{rel}","templated":true}]}}