{"id":71665,"date":"2024-10-27T20:46:21","date_gmt":"2024-10-28T00:46:21","guid":{"rendered":"https:\/\/ahoramasrd.com.do\/?p=71665"},"modified":"2024-10-27T20:46:22","modified_gmt":"2024-10-28T00:46:22","slug":"fallece-a-los-102-anos-palin-abuela-del-artista-urbano-lapiz-conciente","status":"publish","type":"post","link":"https:\/\/ahoramasrd.com.do\/?p=71665","title":{"rendered":"Fallece a los 102 a\u00f1os \u201cPal\u00edn\u201d, abuela del artista urbano L\u00e1piz Conciente"},"content":{"rendered":"\n<p>Santo Domingo.- Falleci\u00f3 este domingo a los 102 a\u00f1os \u201cPal\u00edn\u201d, abuela del artista urbano L\u00e1piz Conciente.<\/p>\n\n\n\n<p>La informaci\u00f3n fue ofrecida a trav\u00e9s de Instagram por la productora musical Jennifer P\u00e9rez (La M\u00e1s que Produce).<\/p>\n\n\n\n<p>A\u00fan se desconocen las causas de la muerte de la abuelita del g\u00e9nero m\u00e1s querida. \u00a1Paz a su alma!<\/p>\n","protected":false},"excerpt":{"rendered":"<p>Santo Domingo.- Falleci\u00f3 este domingo a los 102 a\u00f1os \u201cPal\u00edn\u201d, abuela del artista urbano L\u00e1piz Conciente. La informaci\u00f3n fue ofrecida a trav\u00e9s de Instagram por la productora musical Jennifer P\u00e9rez (La M\u00e1s que Produce). A\u00fan se desconocen las causas de la muerte de la abuelita del g\u00e9nero m\u00e1s querida. \u00a1Paz a su alma!<\/p>\n","protected":false},"author":2,"featured_media":71666,"comment_status":"open","ping_status":"open","sticky":false,"template":"","format":"standard","meta":{"footnotes":""},"categories":[44],"tags":[845,939,58],"class_list":{"0":"post-71665","1":"post","2":"type-post","3":"status-publish","4":"format-standard","5":"has-post-thumbnail","7":"category-actualidad","8":"tag-ahora-mas-rd","9":"tag-cada-minuto-una-verdad","10":"tag-republica-dominicana"},"aioseo_notices":[],"amp_enabled":true,"_links":{"self":[{"href":"https:\/\/ahoramasrd.com.do\/index.php?rest_route=\/wp\/v2\/posts\/71665","targetHints":{"allow":["GET"]}}],"collection":[{"href":"https:\/\/ahoramasrd.com.do\/index.php?rest_route=\/wp\/v2\/posts"}],"about":[{"href":"https:\/\/ahoramasrd.com.do\/index.php?rest_route=\/wp\/v2\/types\/post"}],"author":[{"embeddable":true,"href":"https:\/\/ahoramasrd.com.do\/index.php?rest_route=\/wp\/v2\/users\/2"}],"replies":[{"embeddable":true,"href":"https:\/\/ahoramasrd.com.do\/index.php?rest_route=%2Fwp%2Fv2%2Fcomments&post=71665"}],"version-history":[{"count":0,"href":"https:\/\/ahoramasrd.com.do\/index.php?rest_route=\/wp\/v2\/posts\/71665\/revisions"}],"wp:featuredmedia":[{"embeddable":true,"href":"https:\/\/ahoramasrd.com.do\/index.php?rest_route=\/"}],"wp:attachment":[{"href":"https:\/\/ahoramasrd.com.do\/index.php?rest_route=%2Fwp%2Fv2%2Fmedia&parent=71665"}],"wp:term":[{"taxonomy":"category","embeddable":true,"href":"https:\/\/ahoramasrd.com.do\/index.php?rest_route=%2Fwp%2Fv2%2Fcategories&post=71665"},{"taxonomy":"post_tag","embeddable":true,"href":"https:\/\/ahoramasrd.com.do\/index.php?rest_route=%2Fwp%2Fv2%2Ftags&post=71665"}],"curies":[{"name":"wp","href":"https:\/\/api.w.org\/{rel}","templated":true}]}}