{"id":71676,"date":"2024-10-28T20:22:46","date_gmt":"2024-10-29T00:22:46","guid":{"rendered":"https:\/\/ahoramasrd.com.do\/?p=71676"},"modified":"2024-10-28T20:22:47","modified_gmt":"2024-10-29T00:22:47","slug":"presidente-abinader-convocara-al-cnm-en-las-proximas-semanas-para-escogencia-del-nuevo-procurador","status":"publish","type":"post","link":"https:\/\/ahoramasrd.com.do\/?p=71676","title":{"rendered":"Presidente Abinader convocar\u00e1 al CNM en las pr\u00f3ximas semanas para escogencia del nuevo procurador"},"content":{"rendered":"\n<p>El presidente de la Rep\u00fablica, Luis Abinader, anunci\u00f3 este lunes que en las pr\u00f3ximas semanas convocar\u00e1 al Consejo Nacional de la Magistratura para proceder a la escogencia del nuevo procurador o procuradora general de la Rep\u00fablica.<\/p>\n\n\n\n<p>Al ser abordado sobre ese particular en la conferencia La Semanal con la Prensa, el mandatario se expres\u00f3 en esos t\u00e9rminos en virtud de que ayer domingo fue proclamacada la nueva Carta Magna.<\/p>\n\n\n\n<p>Se recuerda que hace unos meses el mandatario solicit\u00f3 a la actual productora general de la Rep\u00fablica, Miriam Germ\u00e1n Brito, que se mantuviera en el cargo hasta que se aprobara la reforma constitucional con un nuevo m\u00e9todo de escogencia.<\/p>\n\n\n\n<p>Esta nueva metodolog\u00eda establece en su art\u00edculo 171 que: \u201cel Presidente de la Rep\u00fablica, dentro de los primeros cien d\u00edas de su mandato constitucional, propondr\u00e1 al Consejo Nacional de la Magistratura una persona para ser designada Procurador General de la Rep\u00fablica y aquellas que representen la mitad de los procuradores adjuntos, de conformidad con lo establecido en la ley\u201d.<\/p>\n\n\n\n<p>El texto constitucional tambi\u00e9n establece que el Procurador General de la Rep\u00fablica y los procuradores adjuntos designados por el Consejo Nacional de la Magistratura tendr\u00e1n<br>car\u00e1cter de inamovilidad durante un per\u00edodo de dos a\u00f1os. Podr\u00e1n ser confirmados al t\u00e9rmino de su per\u00edodo por el Consejo Nacional de la Magistratura, bajo las mismas reglas de su elecci\u00f3n, salvo destituci\u00f3n por juicio pol\u00edtico.<\/p>\n\n\n\n<p>Anteriormente, el jefe del Ministerio P\u00fablico era designado \u00fanica y exclusivamente por el Presidente de la Rep\u00fablica mediante decreto.<\/p>\n","protected":false},"excerpt":{"rendered":"<p>El presidente de la Rep\u00fablica, Luis Abinader, anunci\u00f3 este lunes que en las pr\u00f3ximas semanas convocar\u00e1 al Consejo Nacional de la Magistratura para proceder a la escogencia del nuevo procurador o procuradora general de la Rep\u00fablica. Al ser abordado sobre ese particular en la conferencia La Semanal con la Prensa, el mandatario se expres\u00f3 en [&hellip;]<\/p>\n","protected":false},"author":2,"featured_media":71677,"comment_status":"open","ping_status":"open","sticky":false,"template":"","format":"standard","meta":{"footnotes":""},"categories":[44],"tags":[845,939,58],"class_list":{"0":"post-71676","1":"post","2":"type-post","3":"status-publish","4":"format-standard","5":"has-post-thumbnail","7":"category-actualidad","8":"tag-ahora-mas-rd","9":"tag-cada-minuto-una-verdad","10":"tag-republica-dominicana"},"aioseo_notices":[],"amp_enabled":true,"_links":{"self":[{"href":"https:\/\/ahoramasrd.com.do\/index.php?rest_route=\/wp\/v2\/posts\/71676","targetHints":{"allow":["GET"]}}],"collection":[{"href":"https:\/\/ahoramasrd.com.do\/index.php?rest_route=\/wp\/v2\/posts"}],"about":[{"href":"https:\/\/ahoramasrd.com.do\/index.php?rest_route=\/wp\/v2\/types\/post"}],"author":[{"embeddable":true,"href":"https:\/\/ahoramasrd.com.do\/index.php?rest_route=\/wp\/v2\/users\/2"}],"replies":[{"embeddable":true,"href":"https:\/\/ahoramasrd.com.do\/index.php?rest_route=%2Fwp%2Fv2%2Fcomments&post=71676"}],"version-history":[{"count":0,"href":"https:\/\/ahoramasrd.com.do\/index.php?rest_route=\/wp\/v2\/posts\/71676\/revisions"}],"wp:featuredmedia":[{"embeddable":true,"href":"https:\/\/ahoramasrd.com.do\/index.php?rest_route=\/"}],"wp:attachment":[{"href":"https:\/\/ahoramasrd.com.do\/index.php?rest_route=%2Fwp%2Fv2%2Fmedia&parent=71676"}],"wp:term":[{"taxonomy":"category","embeddable":true,"href":"https:\/\/ahoramasrd.com.do\/index.php?rest_route=%2Fwp%2Fv2%2Fcategories&post=71676"},{"taxonomy":"post_tag","embeddable":true,"href":"https:\/\/ahoramasrd.com.do\/index.php?rest_route=%2Fwp%2Fv2%2Ftags&post=71676"}],"curies":[{"name":"wp","href":"https:\/\/api.w.org\/{rel}","templated":true}]}}