{"id":71679,"date":"2024-10-28T20:24:29","date_gmt":"2024-10-29T00:24:29","guid":{"rendered":"https:\/\/ahoramasrd.com.do\/?p=71679"},"modified":"2024-10-28T20:24:30","modified_gmt":"2024-10-29T00:24:30","slug":"director-desarrollo-de-la-comunidad-llama-a-fortalecer-trabajo-en-zonas-vulnerables","status":"publish","type":"post","link":"https:\/\/ahoramasrd.com.do\/?p=71679","title":{"rendered":"Director Desarrollo de la Comunidad llama a fortalecer trabajo en zonas vulnerables"},"content":{"rendered":"\n<p>El director general de Desarrollo de la Comunidad, Modesto Guzm\u00e1n, instruy\u00f3 a los encargados provinciales y regionales de la instituci\u00f3n a fortalecer el trabajo con los promotores sociales para impulsar el desarrollo de las comunidades.<\/p>\n\n\n\n<p>Modesto Guzm\u00e1n llam\u00f3 a los colaboradores a realizar todo lo necesario para que las solicitudes de ayudas se canalicen por la v\u00eda correcta y se le pueda dar respuesta oportuna.<\/p>\n\n\n\n<p>\u201cLa visi\u00f3n del presidente de la Rep\u00fablica, Luis Abinader, es que lleguemos como una mano amiga en las comunidades vulnerables, y eso estamos haciendo\u201d, dijo el director general de Desarrollo de la Comunidad.<\/p>\n\n\n\n<p>El titular de la Direcci\u00f3n General de Desarrollo de la Comunidad (DGDC) habl\u00f3 tras un recorrido por las oficinas provinciales y regionales de la instituci\u00f3n, donde realiz\u00f3 un levantamiento a los fines de verificar su correcto funcionamiento.<\/p>\n\n\n\n<p>Modesto Guzm\u00e1n se comprometi\u00f3, adem\u00e1s, a readecuar los espacios f\u00edsicos de las oficinas que las requieran para poder brindar un mejor servicio a la ciudadan\u00eda.<\/p>\n\n\n\n<p>La Direcci\u00f3n General de Desarrollo de la Comunidad tiene oficinas regionales en la Zona Metropolitana; Cibao Norte, Sur, Nordeste y Noroeste; Valdesia; Enriquillo; Yuma; Higuamo y El Valle, pero tiene presencia en todas las provincias del pa\u00eds.<\/p>\n","protected":false},"excerpt":{"rendered":"<p>El director general de Desarrollo de la Comunidad, Modesto Guzm\u00e1n, instruy\u00f3 a los encargados provinciales y regionales de la instituci\u00f3n a fortalecer el trabajo con los promotores sociales para impulsar el desarrollo de las comunidades. Modesto Guzm\u00e1n llam\u00f3 a los colaboradores a realizar todo lo necesario para que las solicitudes de ayudas se canalicen por [&hellip;]<\/p>\n","protected":false},"author":2,"featured_media":71680,"comment_status":"open","ping_status":"open","sticky":false,"template":"","format":"standard","meta":{"footnotes":""},"categories":[44],"tags":[845,939,58],"class_list":{"0":"post-71679","1":"post","2":"type-post","3":"status-publish","4":"format-standard","5":"has-post-thumbnail","7":"category-actualidad","8":"tag-ahora-mas-rd","9":"tag-cada-minuto-una-verdad","10":"tag-republica-dominicana"},"aioseo_notices":[],"amp_enabled":true,"_links":{"self":[{"href":"https:\/\/ahoramasrd.com.do\/index.php?rest_route=\/wp\/v2\/posts\/71679","targetHints":{"allow":["GET"]}}],"collection":[{"href":"https:\/\/ahoramasrd.com.do\/index.php?rest_route=\/wp\/v2\/posts"}],"about":[{"href":"https:\/\/ahoramasrd.com.do\/index.php?rest_route=\/wp\/v2\/types\/post"}],"author":[{"embeddable":true,"href":"https:\/\/ahoramasrd.com.do\/index.php?rest_route=\/wp\/v2\/users\/2"}],"replies":[{"embeddable":true,"href":"https:\/\/ahoramasrd.com.do\/index.php?rest_route=%2Fwp%2Fv2%2Fcomments&post=71679"}],"version-history":[{"count":0,"href":"https:\/\/ahoramasrd.com.do\/index.php?rest_route=\/wp\/v2\/posts\/71679\/revisions"}],"wp:featuredmedia":[{"embeddable":true,"href":"https:\/\/ahoramasrd.com.do\/index.php?rest_route=\/"}],"wp:attachment":[{"href":"https:\/\/ahoramasrd.com.do\/index.php?rest_route=%2Fwp%2Fv2%2Fmedia&parent=71679"}],"wp:term":[{"taxonomy":"category","embeddable":true,"href":"https:\/\/ahoramasrd.com.do\/index.php?rest_route=%2Fwp%2Fv2%2Fcategories&post=71679"},{"taxonomy":"post_tag","embeddable":true,"href":"https:\/\/ahoramasrd.com.do\/index.php?rest_route=%2Fwp%2Fv2%2Ftags&post=71679"}],"curies":[{"name":"wp","href":"https:\/\/api.w.org\/{rel}","templated":true}]}}