{"id":71698,"date":"2024-10-30T18:32:08","date_gmt":"2024-10-30T22:32:08","guid":{"rendered":"https:\/\/ahoramasrd.com.do\/?p=71698"},"modified":"2024-10-30T18:32:08","modified_gmt":"2024-10-30T22:32:08","slug":"restos-de-exregidor-abel-matos-seran-expuestos-al-publico-este-miercoles","status":"publish","type":"post","link":"https:\/\/ahoramasrd.com.do\/?p=71698","title":{"rendered":"Restos de exregidor Abel Matos ser\u00e1n expuestos al p\u00fablico este mi\u00e9rcoles"},"content":{"rendered":"\n<p>Ser\u00e1 en la Funeraria Gresefu de la Avenida Las Am\u00e9ricas casi esquina Sabana Larga a partir de las 7:30 PM<br>Santo Domingo Este.- Los restos del exregidor por el municipio Santo Domingo Este, abogado y dirigente del Partido Revolucionario Moderno (PRM), Abel El\u00edas Matos, ser\u00e1n expuestos este mi\u00e9rcoles a partir de las 7:30 de la noche en la Funeraria Gresefu de la avenida Las Am\u00e9ricas.<\/p>\n\n\n\n<p>Abel Matos, conocido por su dedicaci\u00f3n a la gesti\u00f3n p\u00fablica, con ah\u00ednco en la municipalidad y por su cercan\u00eda con la gente de su municipio Santo Domingo Este, deja un legado de compromiso y esfuerzo, aunque su vida termin\u00f3 de forma abrupta y triste.<\/p>\n\n\n\n<p>Fue un pol\u00edtico a tiempo completo y un digno representante de la Ley que rige los municipios, destac\u00e1ndose como un regidor productivo creador de m\u00faltiples resoluciones en busca de solucionar problem\u00e1ticas de su municipio.<\/p>\n\n\n\n<p>En el paso mes de abril Abel Matos sali\u00f3 del Concejo Edilicio de la Alcald\u00eda de Santo Domingo Este tras finalizar un periodo de cuatro a\u00f1os representando al oficialista PRM.<\/p>\n\n\n\n<p>Sus familiares, vecinos, amigos y compa\u00f1eros de su organizaci\u00f3n pol\u00edtica amanecieron con la funesta noticia luego de que, supuestamente se suicidara de un disparo en su vivienda, falleciendo mientras era atendido en un centro de salud.<\/p>\n\n\n\n<p>Honras f\u00fanebres para despedir al Ex Regidor Abel Matos.<\/p>\n\n\n\n<p>Mi\u00e9rcoles 30: Exposici\u00f3n en Funeraria Gresefu, avenida Las Am\u00e9ricas, de 7:30 p.m. a 9:30 p.m.<\/p>\n\n\n\n<p>Jueves 31: Exposici\u00f3n en Funeraria Gresefu, de 8:00 a.m. a 2:30 p.m. posteriormente se llevar\u00e1 a cabo una ceremonia de despedida en el Ayuntamiento de Santo Domingo Este.<\/p>\n\n\n\n<p>3:30 p.m., se realizar\u00e1 el traslado hacia el cementerio Cristo Salvador, de la carretera Mella donde tendr\u00e1 lugar la inhumaci\u00f3n a las 4:00 p.m.<\/p>\n\n\n\n<p>Familiares y amigos definen a Abel Matos, como una persona honesta, un pol\u00edtico comprometido, un defensor de las bases y un dirigente leal y transparente<\/p>\n","protected":false},"excerpt":{"rendered":"<p>Ser\u00e1 en la Funeraria Gresefu de la Avenida Las Am\u00e9ricas casi esquina Sabana Larga a partir de las 7:30 PMSanto Domingo Este.- Los restos del exregidor por el municipio Santo Domingo Este, abogado y dirigente del Partido Revolucionario Moderno (PRM), Abel El\u00edas Matos, ser\u00e1n expuestos este mi\u00e9rcoles a partir de las 7:30 de la noche [&hellip;]<\/p>\n","protected":false},"author":2,"featured_media":71699,"comment_status":"open","ping_status":"open","sticky":false,"template":"","format":"standard","meta":{"footnotes":""},"categories":[44],"tags":[845,939,58],"class_list":{"0":"post-71698","1":"post","2":"type-post","3":"status-publish","4":"format-standard","5":"has-post-thumbnail","7":"category-actualidad","8":"tag-ahora-mas-rd","9":"tag-cada-minuto-una-verdad","10":"tag-republica-dominicana"},"aioseo_notices":[],"amp_enabled":true,"_links":{"self":[{"href":"https:\/\/ahoramasrd.com.do\/index.php?rest_route=\/wp\/v2\/posts\/71698","targetHints":{"allow":["GET"]}}],"collection":[{"href":"https:\/\/ahoramasrd.com.do\/index.php?rest_route=\/wp\/v2\/posts"}],"about":[{"href":"https:\/\/ahoramasrd.com.do\/index.php?rest_route=\/wp\/v2\/types\/post"}],"author":[{"embeddable":true,"href":"https:\/\/ahoramasrd.com.do\/index.php?rest_route=\/wp\/v2\/users\/2"}],"replies":[{"embeddable":true,"href":"https:\/\/ahoramasrd.com.do\/index.php?rest_route=%2Fwp%2Fv2%2Fcomments&post=71698"}],"version-history":[{"count":0,"href":"https:\/\/ahoramasrd.com.do\/index.php?rest_route=\/wp\/v2\/posts\/71698\/revisions"}],"wp:featuredmedia":[{"embeddable":true,"href":"https:\/\/ahoramasrd.com.do\/index.php?rest_route=\/"}],"wp:attachment":[{"href":"https:\/\/ahoramasrd.com.do\/index.php?rest_route=%2Fwp%2Fv2%2Fmedia&parent=71698"}],"wp:term":[{"taxonomy":"category","embeddable":true,"href":"https:\/\/ahoramasrd.com.do\/index.php?rest_route=%2Fwp%2Fv2%2Fcategories&post=71698"},{"taxonomy":"post_tag","embeddable":true,"href":"https:\/\/ahoramasrd.com.do\/index.php?rest_route=%2Fwp%2Fv2%2Ftags&post=71698"}],"curies":[{"name":"wp","href":"https:\/\/api.w.org\/{rel}","templated":true}]}}