{"id":72049,"date":"2024-11-23T19:33:34","date_gmt":"2024-11-23T23:33:34","guid":{"rendered":"https:\/\/ahoramasrd.com.do\/?p=72049"},"modified":"2024-11-23T19:33:45","modified_gmt":"2024-11-23T23:33:45","slug":"rd-lidera-conmemoracion-del-dia-internacional-de-la-no-violencia-contra-la-mujer-en-la-onu","status":"publish","type":"post","link":"https:\/\/ahoramasrd.com.do\/?p=72049","title":{"rendered":"RD lidera conmemoraci\u00f3n del D\u00eda Internacional de la No Violencia Contra la Mujer en la ONU"},"content":{"rendered":"\n<p>El embajador dominicano ante la ONU, Jos\u00e9 Blanco, inform\u00f3 a RC Noticias sobre las actividades que se realizar\u00e1n este lunes en la sede de Naciones Unidas, en conmemoraci\u00f3n del 25.\u00ba aniversario de la adopci\u00f3n del D\u00eda Internacional de la No Violencia Contra la Mujer.<\/p>\n\n\n\n<p>Estas iniciativas, promovidas por la misi\u00f3n dominicana, buscan reflexionar sobre los avances y retos en la lucha contra la violencia de g\u00e9nero, rindiendo homenaje a las hermanas Mirabal, figuras emblem\u00e1ticas de esta causa.<\/p>\n\n\n\n<p>Blanco destac\u00f3 que, a principios de a\u00f1o, la misi\u00f3n dominicana lider\u00f3 un proceso de negociaci\u00f3n que culmin\u00f3 en la adopci\u00f3n, por consenso, de una resoluci\u00f3n que establece la realizaci\u00f3n de este evento el 25 de noviembre. Seg\u00fan explic\u00f3, este esfuerzo reafirma el compromiso de Rep\u00fablica Dominicana con la promoci\u00f3n de este tema en el \u00e1mbito internacional.<\/p>\n\n\n\n<p>El acto de alto nivel contar\u00e1 con la participaci\u00f3n del presidente de la Asamblea General de Naciones Unidas, la subsecretaria general de la ONU, la ministra dominicana de la Mujer, y Minerva Tav\u00e1rez Mirabal, en representaci\u00f3n de la familia Mirabal. Asimismo, se espera la asistencia de ministros y otros altos funcionarios de diversos pa\u00edses.<\/p>\n\n\n\n<p>El embajador subray\u00f3 que esta conmemoraci\u00f3n no solo busca dar visibilidad a los desaf\u00edos que persisten en la lucha contra la violencia de g\u00e9nero, sino tambi\u00e9n promover un di\u00e1logo global que inspire nuevas soluciones y acciones concretas para enfrentar este problema.<\/p>\n","protected":false},"excerpt":{"rendered":"<p>El embajador dominicano ante la ONU, Jos\u00e9 Blanco, inform\u00f3 a RC Noticias sobre las actividades que se realizar\u00e1n este lunes en la sede de Naciones Unidas, en conmemoraci\u00f3n del 25.\u00ba aniversario de la adopci\u00f3n del D\u00eda Internacional de la No Violencia Contra la Mujer. Estas iniciativas, promovidas por la misi\u00f3n dominicana, buscan reflexionar sobre los [&hellip;]<\/p>\n","protected":false},"author":2,"featured_media":72050,"comment_status":"open","ping_status":"open","sticky":false,"template":"","format":"standard","meta":{"footnotes":""},"categories":[44],"tags":[845,939,58],"class_list":{"0":"post-72049","1":"post","2":"type-post","3":"status-publish","4":"format-standard","5":"has-post-thumbnail","7":"category-actualidad","8":"tag-ahora-mas-rd","9":"tag-cada-minuto-una-verdad","10":"tag-republica-dominicana"},"aioseo_notices":[],"amp_enabled":true,"_links":{"self":[{"href":"https:\/\/ahoramasrd.com.do\/index.php?rest_route=\/wp\/v2\/posts\/72049","targetHints":{"allow":["GET"]}}],"collection":[{"href":"https:\/\/ahoramasrd.com.do\/index.php?rest_route=\/wp\/v2\/posts"}],"about":[{"href":"https:\/\/ahoramasrd.com.do\/index.php?rest_route=\/wp\/v2\/types\/post"}],"author":[{"embeddable":true,"href":"https:\/\/ahoramasrd.com.do\/index.php?rest_route=\/wp\/v2\/users\/2"}],"replies":[{"embeddable":true,"href":"https:\/\/ahoramasrd.com.do\/index.php?rest_route=%2Fwp%2Fv2%2Fcomments&post=72049"}],"version-history":[{"count":0,"href":"https:\/\/ahoramasrd.com.do\/index.php?rest_route=\/wp\/v2\/posts\/72049\/revisions"}],"wp:featuredmedia":[{"embeddable":true,"href":"https:\/\/ahoramasrd.com.do\/index.php?rest_route=\/"}],"wp:attachment":[{"href":"https:\/\/ahoramasrd.com.do\/index.php?rest_route=%2Fwp%2Fv2%2Fmedia&parent=72049"}],"wp:term":[{"taxonomy":"category","embeddable":true,"href":"https:\/\/ahoramasrd.com.do\/index.php?rest_route=%2Fwp%2Fv2%2Fcategories&post=72049"},{"taxonomy":"post_tag","embeddable":true,"href":"https:\/\/ahoramasrd.com.do\/index.php?rest_route=%2Fwp%2Fv2%2Ftags&post=72049"}],"curies":[{"name":"wp","href":"https:\/\/api.w.org\/{rel}","templated":true}]}}