{"id":72057,"date":"2024-11-24T10:03:16","date_gmt":"2024-11-24T14:03:16","guid":{"rendered":"https:\/\/ahoramasrd.com.do\/?p=72057"},"modified":"2024-11-24T10:03:28","modified_gmt":"2024-11-24T14:03:28","slug":"alcaldia-de-santiago-extendera-remozamiento-de-parques","status":"publish","type":"post","link":"https:\/\/ahoramasrd.com.do\/?p=72057","title":{"rendered":"Alcald\u00eda de Santiago extender\u00e1 remozamiento de parques"},"content":{"rendered":"\n<p>La Alcald\u00eda de Santiago continuar\u00e1 remodelando la mayor cantidad de parques posible, utilizando recursos propios y contando con el apoyo del reconocido altruismo y la responsabilidad social que caracteriza a la clase empresarial de Santiago de los Caballeros.<\/p>\n\n\n\n<p>\u201cSi mi querida colega Carolina Mej\u00eda ha tenido \u00e9xito con el remozamiento de parques y plazas en el Distrito Nacional, estamos seguros de que podremos replicar, tambi\u00e9n con \u00e9xito, ese extraordinario programa, que contribuir\u00e1 a modernizar, conectar y hacer m\u00e1s seguros los barrios y residenciales de Santiago\u201d, explic\u00f3 el alcalde Rodr\u00edguez.<\/p>\n\n\n\n<p>Consultado por periodistas locales sobre si el programa inaugurado el s\u00e1bado en el parque Benito Ju\u00e1rez, de Villa Olga, ser\u00e1 extendido a otros sectores del municipio, Rodr\u00edguez afirm\u00f3 que sus propuestas municipales incluyen iniciativas que buscan contribuir a la modernizaci\u00f3n, la seguridad ciudadana y el mejoramiento de la calidad de vida de los mun\u00edcipes santiagueros.<\/p>\n\n\n\n<p>En ese sentido, adelant\u00f3 que los parques ser\u00e1n equipados con wi-fi, para ayudar a los estudiantes a completar sus tareas y a las familias y amigos a comunicarse, adem\u00e1s de una adecuada iluminaci\u00f3n y c\u00e1maras de vigilancia que fortalecer\u00e1n la seguridad de los ciudadanos.<\/p>\n\n\n\n<p>\u201cClaro que vamos a darle continuidad aqu\u00ed a esa valiosa iniciativa de la primera dama, do\u00f1a Raquel Arbaje, el Banco Popular, el Ministerio de Industria y Comercio, y la cooperaci\u00f3n de instituciones como Edenorte, Coraasan, la Gobernaci\u00f3n, Digesett, el Ministerio de Obras P\u00fablicas y el 911, que aport\u00f3 un circuito de c\u00e1maras de seguridad en el entorno del parque inaugurado el s\u00e1bado. Contamos adem\u00e1s con el respaldo de empresarios privados\u201d, destac\u00f3.<\/p>\n\n\n\n<p>Refiri\u00e9ndose a la responsabilidad social de los empresarios de Santiago, Rodr\u00edguez record\u00f3 c\u00f3mo, a principios de los a\u00f1os 60, empresarios locales crearon el primer banco privado, que fue el Banco Popular; tambi\u00e9n la primera universidad no gubernamental, la hoy Pontificia Universidad Cat\u00f3lica Madre y Maestra, y el Instituto Superior de Agricultura, que lleva m\u00e1s de 62 a\u00f1os promoviendo el desarrollo agropecuario nacional.<\/p>\n\n\n\n<p>\u201cEsa pujanza, que contribuy\u00f3 a sentar las bases del desarrollo econ\u00f3mico del pa\u00eds, ha permitido a Santiago de los Caballeros contribuir de manera sustancial y sostenida al Producto Interno Bruto. Confiamos en ella para que, desde la alcald\u00eda y bajo el concepto de un solo gobierno del presidente Luis Abinader, logremos una sinergia que fortalezca nuestro programa de transformar a Santiago en una de las principales urbes del Caribe y Am\u00e9rica Latina\u201d, plante\u00f3.<\/p>\n\n\n\n<p>Rodr\u00edguez tambi\u00e9n destac\u00f3 el papel que juegan las juntas de vecinos y otras organizaciones de la sociedad civil en el desarrollo comunitario.<\/p>\n\n\n\n<p>\u201cTanto entusiasmo mancomunado debe motivarnos a todos a continuar trabajando juntos para replicar este modelo en otros territorios del municipio, en lo que ya estamos trabajando y que intensificaremos a partir del pr\u00f3ximo a\u00f1o\u201d, concluy\u00f3.<\/p>\n","protected":false},"excerpt":{"rendered":"<p>La Alcald\u00eda de Santiago continuar\u00e1 remodelando la mayor cantidad de parques posible, utilizando recursos propios y contando con el apoyo del reconocido altruismo y la responsabilidad social que caracteriza a la clase empresarial de Santiago de los Caballeros. \u201cSi mi querida colega Carolina Mej\u00eda ha tenido \u00e9xito con el remozamiento de parques y plazas en [&hellip;]<\/p>\n","protected":false},"author":2,"featured_media":72058,"comment_status":"open","ping_status":"open","sticky":false,"template":"","format":"standard","meta":{"footnotes":""},"categories":[44],"tags":[845,939,58],"class_list":{"0":"post-72057","1":"post","2":"type-post","3":"status-publish","4":"format-standard","5":"has-post-thumbnail","7":"category-actualidad","8":"tag-ahora-mas-rd","9":"tag-cada-minuto-una-verdad","10":"tag-republica-dominicana"},"aioseo_notices":[],"amp_enabled":true,"_links":{"self":[{"href":"https:\/\/ahoramasrd.com.do\/index.php?rest_route=\/wp\/v2\/posts\/72057","targetHints":{"allow":["GET"]}}],"collection":[{"href":"https:\/\/ahoramasrd.com.do\/index.php?rest_route=\/wp\/v2\/posts"}],"about":[{"href":"https:\/\/ahoramasrd.com.do\/index.php?rest_route=\/wp\/v2\/types\/post"}],"author":[{"embeddable":true,"href":"https:\/\/ahoramasrd.com.do\/index.php?rest_route=\/wp\/v2\/users\/2"}],"replies":[{"embeddable":true,"href":"https:\/\/ahoramasrd.com.do\/index.php?rest_route=%2Fwp%2Fv2%2Fcomments&post=72057"}],"version-history":[{"count":0,"href":"https:\/\/ahoramasrd.com.do\/index.php?rest_route=\/wp\/v2\/posts\/72057\/revisions"}],"wp:featuredmedia":[{"embeddable":true,"href":"https:\/\/ahoramasrd.com.do\/index.php?rest_route=\/"}],"wp:attachment":[{"href":"https:\/\/ahoramasrd.com.do\/index.php?rest_route=%2Fwp%2Fv2%2Fmedia&parent=72057"}],"wp:term":[{"taxonomy":"category","embeddable":true,"href":"https:\/\/ahoramasrd.com.do\/index.php?rest_route=%2Fwp%2Fv2%2Fcategories&post=72057"},{"taxonomy":"post_tag","embeddable":true,"href":"https:\/\/ahoramasrd.com.do\/index.php?rest_route=%2Fwp%2Fv2%2Ftags&post=72057"}],"curies":[{"name":"wp","href":"https:\/\/api.w.org\/{rel}","templated":true}]}}