{"id":72060,"date":"2024-11-24T11:22:49","date_gmt":"2024-11-24T15:22:49","guid":{"rendered":"https:\/\/ahoramasrd.com.do\/?p=72060"},"modified":"2024-11-24T11:22:58","modified_gmt":"2024-11-24T15:22:58","slug":"republica-dominicana-epicentro-regional-del-debate-sobre-derechos-de-autor","status":"publish","type":"post","link":"https:\/\/ahoramasrd.com.do\/?p=72060","title":{"rendered":"Rep\u00fablica Dominicana: epicentro regional del debate sobre derechos de autor"},"content":{"rendered":"\n<p>La Rep\u00fablica Dominicana se consolida como un referente en Centroam\u00e9rica y el Caribe para el an\u00e1lisis y actualizaci\u00f3n en materia de derechos de autor y conexos con la celebraci\u00f3n del Encuentro de Sociedades de Autores Musicales de la regi\u00f3n, los d\u00edas 20 y 21 de noviembre.<\/p>\n\n\n\n<p>Este evento, organizado por la Confederaci\u00f3n Internacional de Sociedades de Autores y Compositores (CISAC), cont\u00f3 con el respaldo de la Sociedad General de Autores, Compositores y Editores Dominicanos de M\u00fasica (SGACEDOM).<\/p>\n\n\n\n<p>Bajo el liderazgo del licenciado Jos\u00e9 Rafael Fari\u00f1as, director regional de CISAC, y del presidente de SGACEDOM, Valerio De Le\u00f3n, se abordaron temas claves para la industria creativa.<\/p>\n\n\n\n<p>Entre los temas discutidos destacaron: Herramientas Tecnol\u00f3gicas de las Entidades, Streaming como modalidad de explotaci\u00f3n de las obras; Inteligencia Artificial y su impacto en los derechos de los creadores, La importancia de la Copia Privada para los creadores; se presentaron los informes de cada sociedad y los retos del Derecho de Autor en la regi\u00f3n.<\/p>\n\n\n\n<p>La jornada inaugural incluy\u00f3 la ponencia de Yecid R\u00edos, quien present\u00f3 un an\u00e1lisis sobre el impacto del streaming en la monetizaci\u00f3n de contenidos creativos. Por su parte, Rafael Fari\u00f1as destac\u00f3 los desaf\u00edos y oportunidades que representa la Inteligencia Artificial para los creadores, subrayando las estrategias de CISAC para proteger los derechos autorales en este contexto.<\/p>\n\n\n\n<p>Luc\u00eda Castillo, del Departamento de Sociedades de Gesti\u00f3n Colectiva de la Oficina Nacional de Derecho de Autor (ONDA), disert\u00f3 sobre el rol institucional del pa\u00eds en la gesti\u00f3n de derechos de autor, reafirmando el compromiso del gobierno en la regulaci\u00f3n y protecci\u00f3n de estos derechos.<\/p>\n\n\n\n<p>El reconocido artista y defensor de los derechos de los creadores, Pochy Familia, ofreci\u00f3 una destacada disertaci\u00f3n sobre la relevancia de la Copia Privada como herramienta fundamental para proteger y garantizar los derechos de los creadores.<\/p>\n\n\n\n<p>Durante su intervenci\u00f3n, destac\u00f3 c\u00f3mo este mecanismo contribuye al reconocimiento y la retribuci\u00f3n justa por el uso de las obras, promoviendo as\u00ed un entorno donde la creatividad y el talento puedan florecer de manera sostenible.<\/p>\n\n\n\n<p>El director de la Oficina Nacional de Derecho de Autor (ONDA) tuvo una participaci\u00f3n destacada, ofreciendo las palabras inaugurales en ambas jornadas y reafirmando la posici\u00f3n de Rep\u00fablica Dominicana como un modelo a seguir en la regi\u00f3n.<\/p>\n\n\n\n<p>Paneles y participaci\u00f3n regional<\/p>\n\n\n\n<p>El evento cont\u00f3 con dos paneles de alto impacto: La Gesti\u00f3n Colectiva en Centroam\u00e9rica: Aspectos Relevantes, que reuni\u00f3 a representantes de las entidades de gesti\u00f3n colectiva de Panam\u00e1, Costa Rica, Guatemala, El Salvador, Honduras, Cuba y Rep\u00fablica Dominicana.<\/p>\n\n\n\n<p>La Gesti\u00f3n Colectiva en Rep\u00fablica Dominicana: Especial referencia a la Copia Privada, donde SGACEDOM, SODAIE (Sociedad Dominicana de Artistas, Int\u00e9rpretes y Ejecutantes) y SODINPRO (Sociedad de Productores Fonogr\u00e1ficos) analizaron los avances y retos del pa\u00eds en la implementaci\u00f3n de pol\u00edticas relacionadas con la Copia Privada.<\/p>\n\n\n\n<p>El encuentro no solo sirvi\u00f3 como un espacio de debate, sino como una plataforma para fortalecer la cooperaci\u00f3n entre las entidades de gesti\u00f3n colectiva, promoviendo soluciones conjuntas frente a los retos que plantea la evoluci\u00f3n tecnol\u00f3gica en el \u00e1mbito de los derechos autorales.<\/p>\n","protected":false},"excerpt":{"rendered":"<p>La Rep\u00fablica Dominicana se consolida como un referente en Centroam\u00e9rica y el Caribe para el an\u00e1lisis y actualizaci\u00f3n en materia de derechos de autor y conexos con la celebraci\u00f3n del Encuentro de Sociedades de Autores Musicales de la regi\u00f3n, los d\u00edas 20 y 21 de noviembre. Este evento, organizado por la Confederaci\u00f3n Internacional de Sociedades [&hellip;]<\/p>\n","protected":false},"author":2,"featured_media":72061,"comment_status":"open","ping_status":"open","sticky":false,"template":"","format":"standard","meta":{"footnotes":""},"categories":[44],"tags":[845,939,58],"class_list":{"0":"post-72060","1":"post","2":"type-post","3":"status-publish","4":"format-standard","5":"has-post-thumbnail","7":"category-actualidad","8":"tag-ahora-mas-rd","9":"tag-cada-minuto-una-verdad","10":"tag-republica-dominicana"},"aioseo_notices":[],"amp_enabled":true,"_links":{"self":[{"href":"https:\/\/ahoramasrd.com.do\/index.php?rest_route=\/wp\/v2\/posts\/72060","targetHints":{"allow":["GET"]}}],"collection":[{"href":"https:\/\/ahoramasrd.com.do\/index.php?rest_route=\/wp\/v2\/posts"}],"about":[{"href":"https:\/\/ahoramasrd.com.do\/index.php?rest_route=\/wp\/v2\/types\/post"}],"author":[{"embeddable":true,"href":"https:\/\/ahoramasrd.com.do\/index.php?rest_route=\/wp\/v2\/users\/2"}],"replies":[{"embeddable":true,"href":"https:\/\/ahoramasrd.com.do\/index.php?rest_route=%2Fwp%2Fv2%2Fcomments&post=72060"}],"version-history":[{"count":0,"href":"https:\/\/ahoramasrd.com.do\/index.php?rest_route=\/wp\/v2\/posts\/72060\/revisions"}],"wp:featuredmedia":[{"embeddable":true,"href":"https:\/\/ahoramasrd.com.do\/index.php?rest_route=\/"}],"wp:attachment":[{"href":"https:\/\/ahoramasrd.com.do\/index.php?rest_route=%2Fwp%2Fv2%2Fmedia&parent=72060"}],"wp:term":[{"taxonomy":"category","embeddable":true,"href":"https:\/\/ahoramasrd.com.do\/index.php?rest_route=%2Fwp%2Fv2%2Fcategories&post=72060"},{"taxonomy":"post_tag","embeddable":true,"href":"https:\/\/ahoramasrd.com.do\/index.php?rest_route=%2Fwp%2Fv2%2Ftags&post=72060"}],"curies":[{"name":"wp","href":"https:\/\/api.w.org\/{rel}","templated":true}]}}