{"id":72070,"date":"2024-11-24T17:33:56","date_gmt":"2024-11-24T21:33:56","guid":{"rendered":"https:\/\/ahoramasrd.com.do\/?p=72070"},"modified":"2024-11-24T17:34:36","modified_gmt":"2024-11-24T21:34:36","slug":"danilo-ha-llegado-el-momento-de-poner-fin-al-caos-en-que-el-prm-esta-sumiendo-al-pais","status":"publish","type":"post","link":"https:\/\/ahoramasrd.com.do\/?p=72070","title":{"rendered":"Danilo: \u201cHa llegado el momento de poner fin al caos en que el PRM est\u00e1 sumiendo al pa\u00eds\u201d"},"content":{"rendered":"\n<p>El dos veces presidente del Partido de la Liberaci\u00f3n Dominicana (PLD), Danilo Medina, declar\u00f3 que para esa organizaci\u00f3n pol\u00edtica lleg\u00f3 el momento de poner fin al caos del Gobierno PRM.<\/p>\n\n\n\n<p>El ratificado presidente del PLD advirti\u00f3 que los dominicanos y dominicanas ya no aguantan m\u00e1s el abandono del actual Gobierno.<\/p>\n\n\n\n<p>\u201cHa llegado el momento de poner fin al caos en que el PRM est\u00e1 sumiendo al pa\u00eds. Ha llegado el momento de tomar la iniciativa y presentar un verdadero proyecto de pa\u00eds\u201d, manifest\u00f3.<\/p>\n\n\n\n<p>Danilo Medina llam\u00f3 a los pelede\u00edstas a integrarse en las tareas de recuperar el rumbo de la Rep\u00fablica Dominicana y devolverle la esperanza a los padres y madres que temen por el futuro de sus hijos y a los j\u00f3venes que siguen esperando una oportunidad.<\/p>\n\n\n\n<p>\u201cPara todos ellos, para todos los dominicanos y dominicanas de buena voluntad que necesitan y merecen volver a creer, aqu\u00ed est\u00e1 el PLD, para darles respuesta\u201d, indic\u00f3.<\/p>\n\n\n\n<p>\u201cAhora, m\u00e1s que nunca, el pa\u00eds necesita un proyecto de futuro que vuelva a poner a la Rep\u00fablica Dominicana en la senda del desarrollo inclusivo. Y es el PLD quien est\u00e1 preparado para liderar ese proyecto\u201d, proclam\u00f3 Medina.<\/p>\n\n\n\n<p>El exmandatario del pa\u00eds, se\u00f1al\u00f3 como objetivo claro del PLD, el construir un pa\u00eds donde cada dominicano tenga acceso a oportunidades reales de progreso, y donde la igualdad y la justicia social sean una realidad palpable.<\/p>\n\n\n\n<p>Danilo Medina habl\u00f3 estas palabras, durante el cierre del X Congreso Ordinario Reinaldo Pared P\u00e9rez, en el cual fue juramentado en nuevo Comit\u00e9 Pol\u00edtico del PLD.<\/p>\n","protected":false},"excerpt":{"rendered":"<p>El dos veces presidente del Partido de la Liberaci\u00f3n Dominicana (PLD), Danilo Medina, declar\u00f3 que para esa organizaci\u00f3n pol\u00edtica lleg\u00f3 el momento de poner fin al caos del Gobierno PRM. El ratificado presidente del PLD advirti\u00f3 que los dominicanos y dominicanas ya no aguantan m\u00e1s el abandono del actual Gobierno. \u201cHa llegado el momento de [&hellip;]<\/p>\n","protected":false},"author":2,"featured_media":0,"comment_status":"open","ping_status":"open","sticky":false,"template":"","format":"standard","meta":{"footnotes":""},"categories":[44],"tags":[845,939,58],"class_list":{"0":"post-72070","1":"post","2":"type-post","3":"status-publish","4":"format-standard","6":"category-actualidad","7":"tag-ahora-mas-rd","8":"tag-cada-minuto-una-verdad","9":"tag-republica-dominicana"},"aioseo_notices":[],"amp_enabled":true,"_links":{"self":[{"href":"https:\/\/ahoramasrd.com.do\/index.php?rest_route=\/wp\/v2\/posts\/72070","targetHints":{"allow":["GET"]}}],"collection":[{"href":"https:\/\/ahoramasrd.com.do\/index.php?rest_route=\/wp\/v2\/posts"}],"about":[{"href":"https:\/\/ahoramasrd.com.do\/index.php?rest_route=\/wp\/v2\/types\/post"}],"author":[{"embeddable":true,"href":"https:\/\/ahoramasrd.com.do\/index.php?rest_route=\/wp\/v2\/users\/2"}],"replies":[{"embeddable":true,"href":"https:\/\/ahoramasrd.com.do\/index.php?rest_route=%2Fwp%2Fv2%2Fcomments&post=72070"}],"version-history":[{"count":0,"href":"https:\/\/ahoramasrd.com.do\/index.php?rest_route=\/wp\/v2\/posts\/72070\/revisions"}],"wp:attachment":[{"href":"https:\/\/ahoramasrd.com.do\/index.php?rest_route=%2Fwp%2Fv2%2Fmedia&parent=72070"}],"wp:term":[{"taxonomy":"category","embeddable":true,"href":"https:\/\/ahoramasrd.com.do\/index.php?rest_route=%2Fwp%2Fv2%2Fcategories&post=72070"},{"taxonomy":"post_tag","embeddable":true,"href":"https:\/\/ahoramasrd.com.do\/index.php?rest_route=%2Fwp%2Fv2%2Ftags&post=72070"}],"curies":[{"name":"wp","href":"https:\/\/api.w.org\/{rel}","templated":true}]}}