{"id":72081,"date":"2024-11-26T19:03:38","date_gmt":"2024-11-26T23:03:38","guid":{"rendered":"https:\/\/ahoramasrd.com.do\/?p=72081"},"modified":"2024-11-26T19:04:02","modified_gmt":"2024-11-26T23:04:02","slug":"luis-abinader-juramenta-comites-de-apoyo-a-la-reforma-penitenciaria-y-asegura-hay-recursos-para-su-implementacion","status":"publish","type":"post","link":"https:\/\/ahoramasrd.com.do\/?p=72081","title":{"rendered":"Luis Abinader juramenta comit\u00e9s de apoyo a la reforma penitenciaria y asegura hay recursos para su implementaci\u00f3n"},"content":{"rendered":"\n<p>El presidente de la Rep\u00fablica Dominicana, Luis Abinader, encabez\u00f3 este martes la juramentaci\u00f3n de los comit\u00e9s de apoyo para la implementaci\u00f3n de la reforma penitenciaria, en un acto celebrado en el Sal\u00f3n Las Cari\u00e1tides del Palacio Nacional.<\/p>\n\n\n\n<p>Durante su intervenci\u00f3n, el mandatario destac\u00f3 la necesidad y la importancia de contar con el respaldo de estos comit\u00e9s para materializar los cambios necesarios en el sistema penitenciario del pa\u00eds.<\/p>\n\n\n\n<p>Abinader asegur\u00f3 que los recursos destinados a mejorar las infraestructuras carcelarias ya est\u00e1n garantizados en el presupuesto nacional, reafirmando su compromiso con la dignificaci\u00f3n y modernizaci\u00f3n de las condiciones en los recintos penitenciarios.<\/p>\n\n\n\n<p>En el marco del acto, Roberto Santana, asesor del Poder Ejecutivo en materia penitenciaria, present\u00f3 y entreg\u00f3 al presidente la gu\u00eda estrat\u00e9gica para la Implementaci\u00f3n de la Reforma Penitenciaria.<\/p>\n\n\n\n<p>Este documento contiene las propuestas para avanzar en el proceso de transformaci\u00f3n del sistema carcelario dominicano, incluyendo lineamientos sobre seguridad, rehabilitaci\u00f3n y reinserci\u00f3n social de los privados de libertad.<\/p>\n","protected":false},"excerpt":{"rendered":"<p>El presidente de la Rep\u00fablica Dominicana, Luis Abinader, encabez\u00f3 este martes la juramentaci\u00f3n de los comit\u00e9s de apoyo para la implementaci\u00f3n de la reforma penitenciaria, en un acto celebrado en el Sal\u00f3n Las Cari\u00e1tides del Palacio Nacional. Durante su intervenci\u00f3n, el mandatario destac\u00f3 la necesidad y la importancia de contar con el respaldo de estos [&hellip;]<\/p>\n","protected":false},"author":2,"featured_media":72082,"comment_status":"open","ping_status":"open","sticky":false,"template":"","format":"standard","meta":{"footnotes":""},"categories":[44],"tags":[845,939,58],"class_list":{"0":"post-72081","1":"post","2":"type-post","3":"status-publish","4":"format-standard","5":"has-post-thumbnail","7":"category-actualidad","8":"tag-ahora-mas-rd","9":"tag-cada-minuto-una-verdad","10":"tag-republica-dominicana"},"aioseo_notices":[],"amp_enabled":true,"_links":{"self":[{"href":"https:\/\/ahoramasrd.com.do\/index.php?rest_route=\/wp\/v2\/posts\/72081","targetHints":{"allow":["GET"]}}],"collection":[{"href":"https:\/\/ahoramasrd.com.do\/index.php?rest_route=\/wp\/v2\/posts"}],"about":[{"href":"https:\/\/ahoramasrd.com.do\/index.php?rest_route=\/wp\/v2\/types\/post"}],"author":[{"embeddable":true,"href":"https:\/\/ahoramasrd.com.do\/index.php?rest_route=\/wp\/v2\/users\/2"}],"replies":[{"embeddable":true,"href":"https:\/\/ahoramasrd.com.do\/index.php?rest_route=%2Fwp%2Fv2%2Fcomments&post=72081"}],"version-history":[{"count":0,"href":"https:\/\/ahoramasrd.com.do\/index.php?rest_route=\/wp\/v2\/posts\/72081\/revisions"}],"wp:featuredmedia":[{"embeddable":true,"href":"https:\/\/ahoramasrd.com.do\/index.php?rest_route=\/"}],"wp:attachment":[{"href":"https:\/\/ahoramasrd.com.do\/index.php?rest_route=%2Fwp%2Fv2%2Fmedia&parent=72081"}],"wp:term":[{"taxonomy":"category","embeddable":true,"href":"https:\/\/ahoramasrd.com.do\/index.php?rest_route=%2Fwp%2Fv2%2Fcategories&post=72081"},{"taxonomy":"post_tag","embeddable":true,"href":"https:\/\/ahoramasrd.com.do\/index.php?rest_route=%2Fwp%2Fv2%2Ftags&post=72081"}],"curies":[{"name":"wp","href":"https:\/\/api.w.org\/{rel}","templated":true}]}}