{"id":72085,"date":"2024-11-26T20:01:57","date_gmt":"2024-11-27T00:01:57","guid":{"rendered":"https:\/\/ahoramasrd.com.do\/?p=72085"},"modified":"2024-11-26T20:02:38","modified_gmt":"2024-11-27T00:02:38","slug":"presidente-abinader-recibe-a-representantes-de-la-sociedad-dominicana-de-artistas-interpretes-y-ejecutantes","status":"publish","type":"post","link":"https:\/\/ahoramasrd.com.do\/?p=72085","title":{"rendered":"Presidente Abinader recibe a representantes de la Sociedad Dominicana de Artistas Int\u00e9rpretes y Ejecutantes"},"content":{"rendered":"\n<p>Santo Domingo. \u2013 El presidente Luis Abinader sostuvo un encuentro en la tarde hoy con representantes de la Sociedad Dominicana de Artistas Int\u00e9rpretes y Ejecutantes (SODAIE).<\/p>\n\n\n\n<p>El encuentro donde el mandatario estuvo acompa\u00f1ado del consultor jur\u00eddico del Poder Ejecutivo, Antoliano Peralta, se llev\u00f3 en el sal\u00f3n privado del Palacio Nacional donde trataron temas de inter\u00e9s en com\u00fan.<\/p>\n\n\n\n<p>SODAIE es una sociedad que trabaja para el fortalecimiento de la clase art\u00edstica dominicana, a trav\u00e9s de la gesti\u00f3n de los derechos conexos al derecho de autor fruto de la creaci\u00f3n interpretativa y ejecutoria de los artistas y ejecutantes miembros, incentivando la creaci\u00f3n art\u00edstica y cultural dominicana.<\/p>\n\n\n\n<p>En el acto estuvieron presentes, el presidente de la Sociedad General de Autores, Compositores y Editores Dominicanos de M\u00fasica (Sgacedom), Valerio de Le\u00f3n; el vicepresidente de Sgacedom, Manuel V\u00e1squez (Pochy Familia); Jos\u00e9 C. Ram\u00edrez Lebron (Kinito M\u00e9ndez); Jos\u00e9 Dionisio Fern\u00e1ndez Zapata; Ram\u00f3n Orlando Valoy; Lindia Mar\u00eda Hern\u00e1ndez L\u00f3pez; C\u00e9sar G. Acosta Chevalier (Chucky Acosta); Jos\u00e9 Rub\u00e9n Gonell.<\/p>\n","protected":false},"excerpt":{"rendered":"<p>Santo Domingo. \u2013 El presidente Luis Abinader sostuvo un encuentro en la tarde hoy con representantes de la Sociedad Dominicana de Artistas Int\u00e9rpretes y Ejecutantes (SODAIE). El encuentro donde el mandatario estuvo acompa\u00f1ado del consultor jur\u00eddico del Poder Ejecutivo, Antoliano Peralta, se llev\u00f3 en el sal\u00f3n privado del Palacio Nacional donde trataron temas de inter\u00e9s [&hellip;]<\/p>\n","protected":false},"author":2,"featured_media":0,"comment_status":"open","ping_status":"open","sticky":false,"template":"","format":"standard","meta":{"footnotes":""},"categories":[44],"tags":[845,939,58],"class_list":{"0":"post-72085","1":"post","2":"type-post","3":"status-publish","4":"format-standard","6":"category-actualidad","7":"tag-ahora-mas-rd","8":"tag-cada-minuto-una-verdad","9":"tag-republica-dominicana"},"aioseo_notices":[],"amp_enabled":true,"_links":{"self":[{"href":"https:\/\/ahoramasrd.com.do\/index.php?rest_route=\/wp\/v2\/posts\/72085","targetHints":{"allow":["GET"]}}],"collection":[{"href":"https:\/\/ahoramasrd.com.do\/index.php?rest_route=\/wp\/v2\/posts"}],"about":[{"href":"https:\/\/ahoramasrd.com.do\/index.php?rest_route=\/wp\/v2\/types\/post"}],"author":[{"embeddable":true,"href":"https:\/\/ahoramasrd.com.do\/index.php?rest_route=\/wp\/v2\/users\/2"}],"replies":[{"embeddable":true,"href":"https:\/\/ahoramasrd.com.do\/index.php?rest_route=%2Fwp%2Fv2%2Fcomments&post=72085"}],"version-history":[{"count":0,"href":"https:\/\/ahoramasrd.com.do\/index.php?rest_route=\/wp\/v2\/posts\/72085\/revisions"}],"wp:attachment":[{"href":"https:\/\/ahoramasrd.com.do\/index.php?rest_route=%2Fwp%2Fv2%2Fmedia&parent=72085"}],"wp:term":[{"taxonomy":"category","embeddable":true,"href":"https:\/\/ahoramasrd.com.do\/index.php?rest_route=%2Fwp%2Fv2%2Fcategories&post=72085"},{"taxonomy":"post_tag","embeddable":true,"href":"https:\/\/ahoramasrd.com.do\/index.php?rest_route=%2Fwp%2Fv2%2Ftags&post=72085"}],"curies":[{"name":"wp","href":"https:\/\/api.w.org\/{rel}","templated":true}]}}