{"id":72088,"date":"2024-11-29T15:11:32","date_gmt":"2024-11-29T19:11:32","guid":{"rendered":"https:\/\/ahoramasrd.com.do\/?p=72088"},"modified":"2024-11-29T15:11:41","modified_gmt":"2024-11-29T19:11:41","slug":"inauguraran-centro-educativo-en-veron-punta-cana-en-inconclusas-condiciones","status":"publish","type":"post","link":"https:\/\/ahoramasrd.com.do\/?p=72088","title":{"rendered":"Inaugurar\u00e1n centro educativo en Ver\u00f3n Punta Cana en inconclusas condiciones"},"content":{"rendered":"\n<p>Este s\u00e1bado se llevar\u00e1 a cabo la inauguraci\u00f3n oficial del Centro Educativo Presidente Antonio Guzm\u00e1n en Ver\u00f3n Punta Cana, pero la noticia no es la celebraci\u00f3n, sino las alarmantes condiciones en las que se encuentra esta nueva infraestructura.<\/p>\n\n\n\n<p>A solo horas del evento, se ha revelado que el centro educativo carece de suministro de agua y energ\u00eda el\u00e9ctrica. Adem\u00e1s, las \u00e1reas comunes est\u00e1n lejos de estar listas: no hay aceras, ni contenes, y el asfalto brilla por su ausencia. Asimismo, dentro del recinto a\u00fan se realizan trabajos de empa\u00f1etado, lo que pone en tela de juicio la premura de las autoridades para inaugurar un espacio que deber\u00eda ser un refugio para la educaci\u00f3n.<\/p>\n\n\n\n<p>Estas condiciones evidencian la premura con la que se ha decidido llevar a cabo la inauguraci\u00f3n, a pesar de que las instalaciones no est\u00e1n completamente listas para operar.<\/p>\n","protected":false},"excerpt":{"rendered":"<p>Este s\u00e1bado se llevar\u00e1 a cabo la inauguraci\u00f3n oficial del Centro Educativo Presidente Antonio Guzm\u00e1n en Ver\u00f3n Punta Cana, pero la noticia no es la celebraci\u00f3n, sino las alarmantes condiciones en las que se encuentra esta nueva infraestructura. A solo horas del evento, se ha revelado que el centro educativo carece de suministro de agua [&hellip;]<\/p>\n","protected":false},"author":2,"featured_media":72089,"comment_status":"open","ping_status":"open","sticky":false,"template":"","format":"standard","meta":{"footnotes":""},"categories":[44],"tags":[845,939,58],"class_list":{"0":"post-72088","1":"post","2":"type-post","3":"status-publish","4":"format-standard","5":"has-post-thumbnail","7":"category-actualidad","8":"tag-ahora-mas-rd","9":"tag-cada-minuto-una-verdad","10":"tag-republica-dominicana"},"aioseo_notices":[],"amp_enabled":true,"_links":{"self":[{"href":"https:\/\/ahoramasrd.com.do\/index.php?rest_route=\/wp\/v2\/posts\/72088","targetHints":{"allow":["GET"]}}],"collection":[{"href":"https:\/\/ahoramasrd.com.do\/index.php?rest_route=\/wp\/v2\/posts"}],"about":[{"href":"https:\/\/ahoramasrd.com.do\/index.php?rest_route=\/wp\/v2\/types\/post"}],"author":[{"embeddable":true,"href":"https:\/\/ahoramasrd.com.do\/index.php?rest_route=\/wp\/v2\/users\/2"}],"replies":[{"embeddable":true,"href":"https:\/\/ahoramasrd.com.do\/index.php?rest_route=%2Fwp%2Fv2%2Fcomments&post=72088"}],"version-history":[{"count":0,"href":"https:\/\/ahoramasrd.com.do\/index.php?rest_route=\/wp\/v2\/posts\/72088\/revisions"}],"wp:featuredmedia":[{"embeddable":true,"href":"https:\/\/ahoramasrd.com.do\/index.php?rest_route=\/"}],"wp:attachment":[{"href":"https:\/\/ahoramasrd.com.do\/index.php?rest_route=%2Fwp%2Fv2%2Fmedia&parent=72088"}],"wp:term":[{"taxonomy":"category","embeddable":true,"href":"https:\/\/ahoramasrd.com.do\/index.php?rest_route=%2Fwp%2Fv2%2Fcategories&post=72088"},{"taxonomy":"post_tag","embeddable":true,"href":"https:\/\/ahoramasrd.com.do\/index.php?rest_route=%2Fwp%2Fv2%2Ftags&post=72088"}],"curies":[{"name":"wp","href":"https:\/\/api.w.org\/{rel}","templated":true}]}}