{"id":72104,"date":"2024-11-29T16:37:53","date_gmt":"2024-11-29T20:37:53","guid":{"rendered":"https:\/\/ahoramasrd.com.do\/?p=72104"},"modified":"2024-11-29T16:38:17","modified_gmt":"2024-11-29T20:38:17","slug":"anmepro-reafirma-su-compromiso-con-la-erradicacion-de-la-violencia-de-genero-durante-su-participacion-en-onu","status":"publish","type":"post","link":"https:\/\/ahoramasrd.com.do\/?p=72104","title":{"rendered":"ANMEPRO reafirma su compromiso con la erradicaci\u00f3n de la violencia de g\u00e9nero durante su participaci\u00f3n en ONU"},"content":{"rendered":"\n<p>\u201cUna de cada tres mujeres en el mundo sufre violencia, y cada 11 minutos una mujer pierde la vida a manos de su pareja o un familiar.<br>Nueva York, EE.UU. \u2013 En el marco de la conmemoraci\u00f3n de noviembre como el Mes de la Concienciaci\u00f3n sobre la Eliminaci\u00f3n de la Violencia contra la Mujer, la Asociaci\u00f3n Nacional de Mujeres Empresarias, Ejecutivas y Profesionales (ANMEPRO) particip\u00f3 activamente en una reuni\u00f3n de alto nivel organizada por la Organizaci\u00f3n de las Naciones Unidas (ONU) en su sede en Nueva York junto al Ministerio de la Mujer (MMUJER).<\/p>\n\n\n\n<p>Como parte de la Delegaci\u00f3n Dominicana que acompa\u00f1\u00f3 al Ministerio de la Mujer, ANMEPRO reforz\u00f3 su compromiso con el liderazgo femenino y la promoci\u00f3n de pol\u00edticas integrales para erradicar la violencia de g\u00e9nero. La delegaci\u00f3n estuvo encabezada por su presidenta, Ver\u00f3nica N\u00fa\u00f1ez, quien tuvo un rol destacado en paneles de discusi\u00f3n, conferencias y encuentros con misiones diplom\u00e1ticas de la Rep\u00fablica Dominicana radicadas en Estados Unidos.<\/p>\n\n\n\n<p>Durante su intervenci\u00f3n, N\u00fa\u00f1ez afirm\u00f3: \u201cNuestra participaci\u00f3n en este evento internacional resalta el compromiso de ANMEPRO en la lucha por la eliminaci\u00f3n de todas las formas de violencia contra las mujeres. Continuaremos impulsando iniciativas que contribuyan al desarrollo integral de las mujeres y promuevan su liderazgo, trabajando en alianza con gobiernos, empresas y organismos internacionales.\u201d<\/p>\n\n\n\n<p>El mes de noviembre, dedicado a la sensibilizaci\u00f3n sobre la eliminaci\u00f3n de la violencia contra la mujer, representa un llamado urgente a la acci\u00f3n para transformar las sociedades hacia una mayor igualdad y justicia. La presencia de ANMEPRO en este significativo evento internacional reafirma su papel como agente de cambio en la promoci\u00f3n de programas y pol\u00edticas que favorezcan el desarrollo integral de las mujeres.<br>ANMEPRO continuar\u00e1 su labor para erradicar la violencia de g\u00e9nero y fortalecer el liderazgo femenino, contribuyendo de manera activa al desarrollo econ\u00f3mico y social sostenible en la Rep\u00fablica Dominicana y a nivel global.<\/p>\n\n\n\n<p>SOBRE ANMEPRO:<\/p>\n\n\n\n<p>La Asociaci\u00f3n de Mujeres Empresarias, Ejecutivas y Profesionales (ANMEPRO), es la primera agrupaci\u00f3n empresarial femenina fundada en el pa\u00eds, que entra en vigencia el 26 de marzo de 1987, con la misi\u00f3n de promover el desarrollo integral de las mujeres en todos los sectores productivos y transformar el liderazgo femenino.<\/p>\n","protected":false},"excerpt":{"rendered":"<p>\u201cUna de cada tres mujeres en el mundo sufre violencia, y cada 11 minutos una mujer pierde la vida a manos de su pareja o un familiar.Nueva York, EE.UU. \u2013 En el marco de la conmemoraci\u00f3n de noviembre como el Mes de la Concienciaci\u00f3n sobre la Eliminaci\u00f3n de la Violencia contra la Mujer, la Asociaci\u00f3n [&hellip;]<\/p>\n","protected":false},"author":2,"featured_media":72105,"comment_status":"open","ping_status":"open","sticky":false,"template":"","format":"standard","meta":{"footnotes":""},"categories":[44],"tags":[845,939,58],"class_list":{"0":"post-72104","1":"post","2":"type-post","3":"status-publish","4":"format-standard","5":"has-post-thumbnail","7":"category-actualidad","8":"tag-ahora-mas-rd","9":"tag-cada-minuto-una-verdad","10":"tag-republica-dominicana"},"aioseo_notices":[],"amp_enabled":true,"_links":{"self":[{"href":"https:\/\/ahoramasrd.com.do\/index.php?rest_route=\/wp\/v2\/posts\/72104","targetHints":{"allow":["GET"]}}],"collection":[{"href":"https:\/\/ahoramasrd.com.do\/index.php?rest_route=\/wp\/v2\/posts"}],"about":[{"href":"https:\/\/ahoramasrd.com.do\/index.php?rest_route=\/wp\/v2\/types\/post"}],"author":[{"embeddable":true,"href":"https:\/\/ahoramasrd.com.do\/index.php?rest_route=\/wp\/v2\/users\/2"}],"replies":[{"embeddable":true,"href":"https:\/\/ahoramasrd.com.do\/index.php?rest_route=%2Fwp%2Fv2%2Fcomments&post=72104"}],"version-history":[{"count":0,"href":"https:\/\/ahoramasrd.com.do\/index.php?rest_route=\/wp\/v2\/posts\/72104\/revisions"}],"wp:featuredmedia":[{"embeddable":true,"href":"https:\/\/ahoramasrd.com.do\/index.php?rest_route=\/"}],"wp:attachment":[{"href":"https:\/\/ahoramasrd.com.do\/index.php?rest_route=%2Fwp%2Fv2%2Fmedia&parent=72104"}],"wp:term":[{"taxonomy":"category","embeddable":true,"href":"https:\/\/ahoramasrd.com.do\/index.php?rest_route=%2Fwp%2Fv2%2Fcategories&post=72104"},{"taxonomy":"post_tag","embeddable":true,"href":"https:\/\/ahoramasrd.com.do\/index.php?rest_route=%2Fwp%2Fv2%2Ftags&post=72104"}],"curies":[{"name":"wp","href":"https:\/\/api.w.org\/{rel}","templated":true}]}}