{"id":72114,"date":"2024-11-30T16:57:17","date_gmt":"2024-11-30T20:57:17","guid":{"rendered":"https:\/\/ahoramasrd.com.do\/?p=72114"},"modified":"2024-11-30T16:57:22","modified_gmt":"2024-11-30T20:57:22","slug":"mons-faustino-burgos-brisman-es-instalado-obispo-de-bani","status":"publish","type":"post","link":"https:\/\/ahoramasrd.com.do\/?p=72114","title":{"rendered":"Mons. Faustino Burgos Brisman es instalado obispo de Ban\u00ed"},"content":{"rendered":"\n<p>Ban\u00ed, Rep. Dom.\u202fCon el compromiso de trabajar en comuni\u00f3n con todos, monse\u00f1or Faustino Burgos Brisman, fue instalado p\u00fablicamente como el cuarto obispo de la Di\u00f3cesis de Ban\u00ed, durante una Eucarist\u00eda que cont\u00f3 con la presencia de la vicepresidenta de la Rep\u00fablica, Raquel Pe\u00f1a, y el Nuncio Apost\u00f3lico en la Rep\u00fablica Dominicana, Mons. Piergiorgio Bertoldi, en la Plaza de la Cultura Joaqu\u00edn Inch\u00e1ustegui, el s\u00e1bado 30 de noviembre.<\/p>\n\n\n\n<p>En su homil\u00eda, el tambi\u00e9n secretario general de la Conferencia del Episcopado Dominicano (CED), Mons. Burgos resalt\u00f3 los aspectos a los cuales prestar\u00e1 una atenci\u00f3n especial y continuar\u00e1 reforzando en la Di\u00f3cesis: el clero, la familia, la juventud y las distintas pastorales.<\/p>\n\n\n\n<p>Al referirse a las organizaciones culturales, ecol\u00f3gicas, educativas y sociales de la Di\u00f3cesis, expres\u00f3 su apoyo en la b\u00fasqueda de soluciones a los problemas que aquejan a esta jurisdicci\u00f3n: \u201ccolaborar en la confecci\u00f3n de un plan estrat\u00e9gico de desarrollo de las tres provincias que componen nuestra di\u00f3cesis, es una necesidad. Nuestra di\u00f3cesis tiene una gran biodiversidad que hay que cuidar y proteger. En esta tarea todos tenemos que cooperar.\u201d<\/p>\n\n\n\n<p>En la Misa, que fue transmitida por diversos medios de comunicaci\u00f3n, participaron obispos de la CED, obispos y sacerdotes internacionales, presb\u00edteros, di\u00e1conos, consagrados y cientos de laicos, as\u00ed como autoridades civiles y militares. Su primer decreto consisti\u00f3 en el nombramiento del nuevo vicario general de la di\u00f3cesis: el padre Samuel Casilla.<\/p>\n\n\n\n<p>Sobre Mons. Faustino Burgos Brisman, C.M.<\/p>\n\n\n\n<p>Naci\u00f3 el 15 de febrero de 1960 en San Francisco de Macor\u00eds. Estudi\u00f3 Filosof\u00eda en la Pontificia Universidad Cat\u00f3lica Madre y Maestra (PUCMM) y Ciencias Religiosas en el Seminario Pontificio Santo Tom\u00e1s de Aquino (SPSTA). Fue ordenado presb\u00edtero el 30 de mayo de 1987.<\/p>\n\n\n\n<p>Pertenece a la Congregaci\u00f3n de la Misi\u00f3n fundada por San Vicente de Pa\u00fal. En su ministerio ha ejercido la funci\u00f3n de p\u00e1rroco, vicario parroquial, director del seminario, promotor vocacional, director del Colegio San Vicente de Pa\u00fal, director del Colegio La Milagrosa y superior provincial en tres ocasiones.<\/p>\n\n\n\n<p>Fue nombrado obispo titular de Bararus y auxiliar de Santo Domingo el 22 de julio del 2017. Recibi\u00f3 la ordenaci\u00f3n episcopal el 26 de agosto de ese mismo a\u00f1o. El 12 de septiembre de 2023 fue nombrado administrador apost\u00f3lico de Ban\u00ed y el 17 de agosto de 2024 es designado obispo de dicha di\u00f3cesis.<\/p>\n","protected":false},"excerpt":{"rendered":"<p>Ban\u00ed, Rep. Dom.\u202fCon el compromiso de trabajar en comuni\u00f3n con todos, monse\u00f1or Faustino Burgos Brisman, fue instalado p\u00fablicamente como el cuarto obispo de la Di\u00f3cesis de Ban\u00ed, durante una Eucarist\u00eda que cont\u00f3 con la presencia de la vicepresidenta de la Rep\u00fablica, Raquel Pe\u00f1a, y el Nuncio Apost\u00f3lico en la Rep\u00fablica Dominicana, Mons. Piergiorgio Bertoldi, en [&hellip;]<\/p>\n","protected":false},"author":2,"featured_media":72115,"comment_status":"open","ping_status":"open","sticky":false,"template":"","format":"standard","meta":{"footnotes":""},"categories":[44],"tags":[845,939,58],"class_list":{"0":"post-72114","1":"post","2":"type-post","3":"status-publish","4":"format-standard","5":"has-post-thumbnail","7":"category-actualidad","8":"tag-ahora-mas-rd","9":"tag-cada-minuto-una-verdad","10":"tag-republica-dominicana"},"aioseo_notices":[],"amp_enabled":true,"_links":{"self":[{"href":"https:\/\/ahoramasrd.com.do\/index.php?rest_route=\/wp\/v2\/posts\/72114","targetHints":{"allow":["GET"]}}],"collection":[{"href":"https:\/\/ahoramasrd.com.do\/index.php?rest_route=\/wp\/v2\/posts"}],"about":[{"href":"https:\/\/ahoramasrd.com.do\/index.php?rest_route=\/wp\/v2\/types\/post"}],"author":[{"embeddable":true,"href":"https:\/\/ahoramasrd.com.do\/index.php?rest_route=\/wp\/v2\/users\/2"}],"replies":[{"embeddable":true,"href":"https:\/\/ahoramasrd.com.do\/index.php?rest_route=%2Fwp%2Fv2%2Fcomments&post=72114"}],"version-history":[{"count":0,"href":"https:\/\/ahoramasrd.com.do\/index.php?rest_route=\/wp\/v2\/posts\/72114\/revisions"}],"wp:featuredmedia":[{"embeddable":true,"href":"https:\/\/ahoramasrd.com.do\/index.php?rest_route=\/"}],"wp:attachment":[{"href":"https:\/\/ahoramasrd.com.do\/index.php?rest_route=%2Fwp%2Fv2%2Fmedia&parent=72114"}],"wp:term":[{"taxonomy":"category","embeddable":true,"href":"https:\/\/ahoramasrd.com.do\/index.php?rest_route=%2Fwp%2Fv2%2Fcategories&post=72114"},{"taxonomy":"post_tag","embeddable":true,"href":"https:\/\/ahoramasrd.com.do\/index.php?rest_route=%2Fwp%2Fv2%2Ftags&post=72114"}],"curies":[{"name":"wp","href":"https:\/\/api.w.org\/{rel}","templated":true}]}}