{"id":72146,"date":"2024-12-05T10:18:13","date_gmt":"2024-12-05T14:18:13","guid":{"rendered":"https:\/\/ahoramasrd.com.do\/?p=72146"},"modified":"2024-12-05T10:18:14","modified_gmt":"2024-12-05T14:18:14","slug":"danilo-medina-quitarle-cesantia-a-los-trabajadores-seria-retroceder","status":"publish","type":"post","link":"https:\/\/ahoramasrd.com.do\/?p=72146","title":{"rendered":"Danilo Medina: \u201cQuitarle cesant\u00eda a los trabajadores, ser\u00eda retroceder\u201d"},"content":{"rendered":"\n<p><strong>Santo Domingo. &#8211; <\/strong>A prop\u00f3sito de la discusi\u00f3n en el Congreso Nacional de una reforma laboral, el dos veces presidente de la Rep\u00fablica, <strong><a href=\"https:\/\/www.eyr.com.do\/tag\/danilo-medina\/\">Danilo Medina<\/a><\/strong>, declar\u00f3 que quitar derechos adquiridos a los trabajadores, ser\u00eda retroceder.<\/p>\n\n\n\n<p>El tambi\u00e9n presidente del Partido de la Liberaci\u00f3n Dominicana (PLD), record\u00f3 que los trabajadores tienen derechos adquiridos y no quieren perderlos.<\/p>\n\n\n\n<p>\"Por eso, esa reforma no se hizo en mi Gobierno, porque no pod\u00edamos tocarle a los trabajadores la cesant\u00eda y los dem\u00e1s derechos que tienen consignados\", declar\u00f3.<\/p>\n\n\n\n<p>\"Quit\u00e1rselos, ser\u00eda retroceder\", puntualiz\u00f3 el exmandatario.<\/p>\n\n\n\n<p>Danilo Medina habl\u00f3 en San Crist\u00f3bal a los medios de comunicaci\u00f3n, tras encabezar una asamblea del PLD en el municipio cabecera de la provincia.<\/p>\n\n\n\n<p>All\u00ed detall\u00f3 que junto al secretario general, Johnny Pujols, y miembros del Comit\u00e9 Pol\u00edtico, realizar\u00e1 estos encuentros en todo el territorio nacional.<\/p>\n\n\n\n<p>Record\u00f3 que el reci\u00e9n celebrado X Congreso del PLD orden\u00f3 que toda la direcci\u00f3n del partido debe estar en contacto permanente con las bases del partido.<\/p>\n\n\n\n<p>\u201cEl secretario general, el compa\u00f1ero Johnny Pujols y yo, decidimos caminar juntos el pa\u00eds y estamos hoy en San Crist\u00f3bal, el s\u00e1bado estaremos en San Pedro de Macor\u00eds y el jueves en Monse\u00f1or Nouel\", precis\u00f3.<\/p>\n\n\n\n<p>\"El PLD sale de los locales y va para la calle\", declar\u00f3 Danilo Medina, qui\u00e9n tambi\u00e9n anunci\u00f3 que ir\u00e1 a medios de comunicaci\u00f3n radiales y televisivos.<\/p>\n\n\n\n<p>La asamblea del PLD celebrada en San Crist\u00f3bal fue encabezada por Danilo Medina y Johnny Pujols, presidente y secretario general, respectivamente.<\/p>\n\n\n\n<p>Tambi\u00e9n participaron los miembros del Comit\u00e9 Pol\u00edtico, Zoraima Cuello (vicepresidenta del PLD), Radham\u00e9s Camacho, Robert de la Cruz y Roberto Rodr\u00edguez Marchena.<\/p>\n\n\n\n<p>De igual modo, Tommy Gal\u00e1n, Margarita Pimentel, Thelma Eusebio. Asimismo, el presidente provincial, Julio C\u00e9sar D\u00edaz y decenas de miembros del Comit\u00e9 Central.<\/p>\n","protected":false},"excerpt":{"rendered":"<p>Santo Domingo. &#8211; A prop\u00f3sito de la discusi\u00f3n en el Congreso Nacional de una reforma laboral, el dos veces presidente de la Rep\u00fablica, Danilo Medina, declar\u00f3 que quitar derechos adquiridos a los trabajadores, ser\u00eda retroceder. El tambi\u00e9n presidente del Partido de la Liberaci\u00f3n Dominicana (PLD), record\u00f3 que los trabajadores tienen derechos adquiridos y no quieren [&hellip;]<\/p>\n","protected":false},"author":2,"featured_media":46660,"comment_status":"open","ping_status":"open","sticky":false,"template":"","format":"standard","meta":{"footnotes":""},"categories":[47],"tags":[845,939,58],"class_list":{"0":"post-72146","1":"post","2":"type-post","3":"status-publish","4":"format-standard","5":"has-post-thumbnail","7":"category-politica","8":"tag-ahora-mas-rd","9":"tag-cada-minuto-una-verdad","10":"tag-republica-dominicana"},"aioseo_notices":[],"amp_enabled":true,"_links":{"self":[{"href":"https:\/\/ahoramasrd.com.do\/index.php?rest_route=\/wp\/v2\/posts\/72146","targetHints":{"allow":["GET"]}}],"collection":[{"href":"https:\/\/ahoramasrd.com.do\/index.php?rest_route=\/wp\/v2\/posts"}],"about":[{"href":"https:\/\/ahoramasrd.com.do\/index.php?rest_route=\/wp\/v2\/types\/post"}],"author":[{"embeddable":true,"href":"https:\/\/ahoramasrd.com.do\/index.php?rest_route=\/wp\/v2\/users\/2"}],"replies":[{"embeddable":true,"href":"https:\/\/ahoramasrd.com.do\/index.php?rest_route=%2Fwp%2Fv2%2Fcomments&post=72146"}],"version-history":[{"count":0,"href":"https:\/\/ahoramasrd.com.do\/index.php?rest_route=\/wp\/v2\/posts\/72146\/revisions"}],"wp:featuredmedia":[{"embeddable":true,"href":"https:\/\/ahoramasrd.com.do\/index.php?rest_route=\/"}],"wp:attachment":[{"href":"https:\/\/ahoramasrd.com.do\/index.php?rest_route=%2Fwp%2Fv2%2Fmedia&parent=72146"}],"wp:term":[{"taxonomy":"category","embeddable":true,"href":"https:\/\/ahoramasrd.com.do\/index.php?rest_route=%2Fwp%2Fv2%2Fcategories&post=72146"},{"taxonomy":"post_tag","embeddable":true,"href":"https:\/\/ahoramasrd.com.do\/index.php?rest_route=%2Fwp%2Fv2%2Ftags&post=72146"}],"curies":[{"name":"wp","href":"https:\/\/api.w.org\/{rel}","templated":true}]}}