{"id":72633,"date":"2024-12-27T20:53:58","date_gmt":"2024-12-28T00:53:58","guid":{"rendered":"https:\/\/ahoramasrd.com.do\/?p=72633"},"modified":"2024-12-27T20:53:59","modified_gmt":"2024-12-28T00:53:59","slug":"policia-nacional-envia-a-la-justicia-hombre-por-muerte-de-locutor-en-santiago","status":"publish","type":"post","link":"https:\/\/ahoramasrd.com.do\/?p=72633","title":{"rendered":"Polic\u00eda Nacional env\u00eda a la justicia hombre por muerte de locutor en Santiago"},"content":{"rendered":"\n<p>Santiago de los Caballeros, 27 de diciembre de 2024.- La Polic\u00eda Nacional inform\u00f3 que, tras una exhaustiva labor de investigaci\u00f3n relacionada con la muerte del reconocido locutor Romel Roque Guill\u00e9n Cabrera, ocurrida el pasado 25 de diciembre en el municipio de Villa Gonz\u00e1lez, fue sometido a la justicia el ciudadano Evaristo Luciano \u00c1lvarez Ventura, de 50 a\u00f1os.<\/p>\n\n\n\n<p>Seg\u00fan el informe preliminar, el hecho se produjo durante una acalorada discusi\u00f3n generada por un roce vehicular. Durante el altercado, \u00c1lvarez Ventura habr\u00eda agredido f\u00edsicamente a Guill\u00e9n Cabrera, provocando su ca\u00edda al pavimento y un golpe contuso en la cabeza que le caus\u00f3 la muerte.<\/p>\n\n\n\n<p>El detenido fue puesto a disposici\u00f3n del Ministerio P\u00fablico para los fines legales correspondientes.<\/p>\n\n\n\n<p>La Polic\u00eda Nacional reafirma su compromiso de esclarecer los hechos delictivos y garantizar que los responsables enfrenten las consecuencias legales de sus acciones.<\/p>\n","protected":false},"excerpt":{"rendered":"<p>Santiago de los Caballeros, 27 de diciembre de 2024.- La Polic\u00eda Nacional inform\u00f3 que, tras una exhaustiva labor de investigaci\u00f3n relacionada con la muerte del reconocido locutor Romel Roque Guill\u00e9n Cabrera, ocurrida el pasado 25 de diciembre en el municipio de Villa Gonz\u00e1lez, fue sometido a la justicia el ciudadano Evaristo Luciano \u00c1lvarez Ventura, de [&hellip;]<\/p>\n","protected":false},"author":2,"featured_media":72634,"comment_status":"open","ping_status":"open","sticky":false,"template":"","format":"standard","meta":{"footnotes":""},"categories":[44],"tags":[845,939,58],"class_list":{"0":"post-72633","1":"post","2":"type-post","3":"status-publish","4":"format-standard","5":"has-post-thumbnail","7":"category-actualidad","8":"tag-ahora-mas-rd","9":"tag-cada-minuto-una-verdad","10":"tag-republica-dominicana"},"aioseo_notices":[],"amp_enabled":true,"_links":{"self":[{"href":"https:\/\/ahoramasrd.com.do\/index.php?rest_route=\/wp\/v2\/posts\/72633","targetHints":{"allow":["GET"]}}],"collection":[{"href":"https:\/\/ahoramasrd.com.do\/index.php?rest_route=\/wp\/v2\/posts"}],"about":[{"href":"https:\/\/ahoramasrd.com.do\/index.php?rest_route=\/wp\/v2\/types\/post"}],"author":[{"embeddable":true,"href":"https:\/\/ahoramasrd.com.do\/index.php?rest_route=\/wp\/v2\/users\/2"}],"replies":[{"embeddable":true,"href":"https:\/\/ahoramasrd.com.do\/index.php?rest_route=%2Fwp%2Fv2%2Fcomments&post=72633"}],"version-history":[{"count":0,"href":"https:\/\/ahoramasrd.com.do\/index.php?rest_route=\/wp\/v2\/posts\/72633\/revisions"}],"wp:featuredmedia":[{"embeddable":true,"href":"https:\/\/ahoramasrd.com.do\/index.php?rest_route=\/"}],"wp:attachment":[{"href":"https:\/\/ahoramasrd.com.do\/index.php?rest_route=%2Fwp%2Fv2%2Fmedia&parent=72633"}],"wp:term":[{"taxonomy":"category","embeddable":true,"href":"https:\/\/ahoramasrd.com.do\/index.php?rest_route=%2Fwp%2Fv2%2Fcategories&post=72633"},{"taxonomy":"post_tag","embeddable":true,"href":"https:\/\/ahoramasrd.com.do\/index.php?rest_route=%2Fwp%2Fv2%2Ftags&post=72633"}],"curies":[{"name":"wp","href":"https:\/\/api.w.org\/{rel}","templated":true}]}}