{"id":72666,"date":"2024-12-28T10:53:42","date_gmt":"2024-12-28T14:53:42","guid":{"rendered":"https:\/\/ahoramasrd.com.do\/?p=72666"},"modified":"2024-12-28T10:53:43","modified_gmt":"2024-12-28T14:53:43","slug":"hombre-muere-en-balacera-a-las-afueras-de-centro-de-bebidas-en-san-pedro-de-macoris","status":"publish","type":"post","link":"https:\/\/ahoramasrd.com.do\/?p=72666","title":{"rendered":"Hombre muere en balacera a las afueras de centro de bebidas en San Pedro de Macor\u00eds"},"content":{"rendered":"\n<p>San Pedro de Macor\u00eds.- Un hombre muri\u00f3 de un disparo durante una balacera registrada la madrugada del pasado domingo 23 de diciembre a las afueras del centro de bebidas alcoh\u00f3licas \u201cLa Cotorra\u201d, ubicado en el sector Villa Providencia de esta ciudad.<\/p>\n\n\n\n<p>La v\u00edctima fue identificada como Mario Reyes Santana, de 39 a\u00f1os, residente en el sector Barrio Lindo y quien se dedicaba a ofrecer servicios de motoconcho.<\/p>\n\n\n\n<p>Seg\u00fan declaraciones de Estarling Reyes, sobrino del fallecido, el hecho ocurri\u00f3 mientras Reyes Santana compart\u00eda con varias personas en las inmediaciones del lugar. De repente, unos desconocidos llegaron al sitio y desataron una balacera, en la cual result\u00f3 herido mortalmente.<\/p>\n\n\n\n<p>Familiares del occiso claman justicia y exigen a las autoridades esclarecer el hecho y dar con los responsables del crimen. Hasta el momento, las autoridades no han ofrecido detalles sobre posibles detenidos o el m\u00f3vil del suceso.<\/p>\n","protected":false},"excerpt":{"rendered":"<p>San Pedro de Macor\u00eds.- Un hombre muri\u00f3 de un disparo durante una balacera registrada la madrugada del pasado domingo 23 de diciembre a las afueras del centro de bebidas alcoh\u00f3licas \u201cLa Cotorra\u201d, ubicado en el sector Villa Providencia de esta ciudad. La v\u00edctima fue identificada como Mario Reyes Santana, de 39 a\u00f1os, residente en el [&hellip;]<\/p>\n","protected":false},"author":2,"featured_media":72667,"comment_status":"open","ping_status":"open","sticky":false,"template":"","format":"standard","meta":{"footnotes":""},"categories":[44],"tags":[845,939,58],"class_list":{"0":"post-72666","1":"post","2":"type-post","3":"status-publish","4":"format-standard","5":"has-post-thumbnail","7":"category-actualidad","8":"tag-ahora-mas-rd","9":"tag-cada-minuto-una-verdad","10":"tag-republica-dominicana"},"aioseo_notices":[],"amp_enabled":true,"_links":{"self":[{"href":"https:\/\/ahoramasrd.com.do\/index.php?rest_route=\/wp\/v2\/posts\/72666","targetHints":{"allow":["GET"]}}],"collection":[{"href":"https:\/\/ahoramasrd.com.do\/index.php?rest_route=\/wp\/v2\/posts"}],"about":[{"href":"https:\/\/ahoramasrd.com.do\/index.php?rest_route=\/wp\/v2\/types\/post"}],"author":[{"embeddable":true,"href":"https:\/\/ahoramasrd.com.do\/index.php?rest_route=\/wp\/v2\/users\/2"}],"replies":[{"embeddable":true,"href":"https:\/\/ahoramasrd.com.do\/index.php?rest_route=%2Fwp%2Fv2%2Fcomments&post=72666"}],"version-history":[{"count":0,"href":"https:\/\/ahoramasrd.com.do\/index.php?rest_route=\/wp\/v2\/posts\/72666\/revisions"}],"wp:featuredmedia":[{"embeddable":true,"href":"https:\/\/ahoramasrd.com.do\/index.php?rest_route=\/"}],"wp:attachment":[{"href":"https:\/\/ahoramasrd.com.do\/index.php?rest_route=%2Fwp%2Fv2%2Fmedia&parent=72666"}],"wp:term":[{"taxonomy":"category","embeddable":true,"href":"https:\/\/ahoramasrd.com.do\/index.php?rest_route=%2Fwp%2Fv2%2Fcategories&post=72666"},{"taxonomy":"post_tag","embeddable":true,"href":"https:\/\/ahoramasrd.com.do\/index.php?rest_route=%2Fwp%2Fv2%2Ftags&post=72666"}],"curies":[{"name":"wp","href":"https:\/\/api.w.org\/{rel}","templated":true}]}}